{"id":41854,"date":"2023-06-13T11:13:51","date_gmt":"2023-06-13T11:13:51","guid":{"rendered":"https:\/\/ecoledelangues.be\/?p=41854"},"modified":"2024-05-23T12:22:17","modified_gmt":"2024-05-23T12:22:17","slug":"fete-nationale-belge","status":"publish","type":"post","link":"https:\/\/ecoledelangues.be\/fr\/fete-nationale-belge\/","title":{"rendered":"La f\u00eate nationale belge, la richesse de la diversit\u00e9"},"content":{"rendered":"<p><div class=\"fusion-fullwidth fullwidth-box fusion-builder-row-1 nonhundred-percent-fullwidth non-hundred-percent-height-scrolling\" style=\"--awb-border-radius-top-left:0px;--awb-border-radius-top-right:0px;--awb-border-radius-bottom-right:0px;--awb-border-radius-bottom-left:0px;--awb-padding-top:22px;--awb-padding-bottom:32px;--awb-margin-top:0px;--awb-margin-bottom:0px;--awb-background-image:linear-gradient(180deg, rgba(0,120,147,0.74) 0%,rgba(255,255,255,0) 100%);--awb-flex-wrap:wrap;\" ><div class=\"fusion-builder-row fusion-row\"><div class=\"fusion-layout-column fusion_builder_column fusion-builder-column-0 fusion_builder_column_1_1 1_1 fusion-one-full fusion-column-first fusion-column-last\" style=\"--awb-bg-size:cover;\"><div class=\"fusion-column-wrapper fusion-column-has-shadow fusion-flex-column-wrapper-legacy\"><div class=\"fusion-title title fusion-title-1 fusion-sep-none fusion-title-text fusion-title-size-one fusion-animated\" style=\"--awb-margin-top:20px;--awb-margin-bottom:15px;--awb-margin-top-small:0px;--awb-margin-right-small:0px;--awb-margin-bottom-small:20px;--awb-margin-left-small:0px;\" data-animationType=\"slideInLeft\" data-animationDuration=\"0.4\" data-animationOffset=\"top-into-view\"><h1 class=\"fusion-title-heading title-heading-left fusion-responsive-typography-calculated\" style=\"font-family:&quot;Josefin Sans&quot;;font-style:normal;font-weight:400;margin:0;--fontSize:58;line-height:1;\"><h2><span style=\"color: #ffffff;\">La f\u00eate nationale: la richesse de la diversit\u00e9!<\/span><\/h2><\/h1><\/div><div class=\"fusion-text fusion-text-1 fusion-animated\" data-animationType=\"fadeInLeft\" data-animationDuration=\"0.3\" data-animationOffset=\"top-into-view\"><h3 class=\"fusion-responsive-typography-calculated\" style=\"--fontsize: 22; line-height: 1.36;\" data-fontsize=\"22\" data-lineheight=\"29.92px\"><\/h3>\n<\/div><div class=\"fusion-clearfix\"><\/div><\/div><\/div><\/div><\/div><div class=\"fusion-fullwidth fullwidth-box fusion-builder-row-2 fusion-flex-container nonhundred-percent-fullwidth non-hundred-percent-height-scrolling\" style=\"--awb-border-radius-top-left:0px;--awb-border-radius-top-right:0px;--awb-border-radius-bottom-right:0px;--awb-border-radius-bottom-left:0px;--awb-flex-wrap:wrap;\" ><div class=\"fusion-builder-row fusion-row fusion-flex-align-items-flex-start fusion-flex-content-wrap\" style=\"max-width:1216.8px;margin-left: calc(-4% \/ 2 );margin-right: calc(-4% \/ 2 );\"><div class=\"fusion-layout-column fusion_builder_column fusion-builder-column-1 fusion_builder_column_1_1 1_1 fusion-flex-column\" style=\"--awb-bg-size:cover;--awb-width-large:100%;--awb-margin-top-large:0px;--awb-spacing-right-large:1.92%;--awb-margin-bottom-large:0px;--awb-spacing-left-large:1.92%;--awb-width-medium:100%;--awb-order-medium:0;--awb-spacing-right-medium:1.92%;--awb-spacing-left-medium:1.92%;--awb-width-small:100%;--awb-order-small:0;--awb-spacing-right-small:1.92%;--awb-spacing-left-small:1.92%;\"><div class=\"fusion-column-wrapper fusion-column-has-shadow fusion-flex-justify-content-flex-start fusion-content-layout-column\"><div class=\"fusion-title title fusion-title-2 fusion-sep-none fusion-title-text fusion-title-size-three\" style=\"--awb-margin-top:30px;--awb-margin-top-small:0px;--awb-margin-right-small:0px;--awb-margin-bottom-small:20px;--awb-margin-left-small:0px;\"><h3 class=\"fusion-title-heading title-heading-left fusion-responsive-typography-calculated\" style=\"margin:0;--fontSize:22;line-height:1.36;\"><span style=\"font-weight: 400;\">La F\u00eate nationale belge, c\u00e9l\u00e9br\u00e9e le 21 juillet de chaque ann\u00e9e, est une occasion unique de mettre en lumi\u00e8re la diversit\u00e9 linguistique de notre pays. Quelques petites choses \u00e0 savoir:<\/span><\/h3><\/div><div class=\"fusion-text fusion-text-2\" style=\"--awb-text-transform:none;--awb-margin-top:40px;\"><ol>\n<li><b> Les langues officielles de la Belgique <\/b><span style=\"font-weight: 400;\">:<\/span><\/li>\n<\/ol>\n<p><span style=\"font-weight: 400;\">La Belgique est un pays multilingue qui reconna\u00eet trois langues officielles : le n\u00e9erlandais, le fran\u00e7ais et l&rsquo;allemand. Ces langues sont utilis\u00e9es dans diff\u00e9rentes r\u00e9gions du pays, refl\u00e9tant ainsi la diversit\u00e9 linguistique et culturelle. La F\u00eate nationale belge offre une occasion unique de c\u00e9l\u00e9brer ces langues et de promouvoir la compr\u00e9hension mutuelle entre les diff\u00e9rentes communaut\u00e9s linguistiques.<\/span><\/p>\n<ol start=\"2\">\n<li><b> Des discours dans diff\u00e9rentes langues<\/b><span style=\"font-weight: 400;\"> :<\/span><\/li>\n<\/ol>\n<p><span style=\"font-weight: 400;\">Lors des c\u00e9r\u00e9monies officielles de la F\u00eate nationale, il est courant d&rsquo;entendre des discours prononc\u00e9s dans les trois langues officielles. Cela t\u00e9moigne de l&rsquo;importance accord\u00e9e \u00e0 chaque communaut\u00e9 linguistique et de l&rsquo;engagement envers l&rsquo;unit\u00e9 nationale. Les discours dans diff\u00e9rentes langues symbolisent l&rsquo;inclusion et renforcent les liens entre les diff\u00e9rentes parties du pays.<\/span><\/p>\n<ol start=\"3\">\n<li><b> La musique et les chansons multilingues<\/b><span style=\"font-weight: 400;\"> :<\/span><\/li>\n<\/ol>\n<p><span style=\"font-weight: 400;\">La musique est un langage universel qui transcende les fronti\u00e8res linguistiques. Lors des festivit\u00e9s de la F\u00eate nationale, les concerts et les spectacles mettent souvent en avant des artistes qui chantent dans diff\u00e9rentes langues. Cela permet aux participants de profiter de la diversit\u00e9 musicale belge tout en c\u00e9l\u00e9brant l&rsquo;unit\u00e9 nationale. Les chansons multilingues rappellent que la Belgique est un v\u00e9ritable melting-pot linguistique.<\/span><\/p>\n<ol start=\"4\">\n<li><b> Des activit\u00e9s linguistiques interactives<\/b><span style=\"font-weight: 400;\"> :<\/span><\/li>\n<\/ol>\n<p><span style=\"font-weight: 400;\">Pendant la F\u00eate nationale, de nombreuses activit\u00e9s interactives sont organis\u00e9es pour mettre en avant les langues officielles du pays. Des ateliers de langues, des jeux de mots, des d\u00e9monstrations de traduction et d&rsquo;autres activit\u00e9s ludiques sont propos\u00e9s aux participants de tous \u00e2ges. Ces activit\u00e9s permettent de sensibiliser les gens \u00e0 la diversit\u00e9 linguistique et de promouvoir l&rsquo;apprentissage des langues.<\/span><\/p>\n<ol start=\"5\">\n<li><b> Les feux d&rsquo;artifice<\/b><span style=\"font-weight: 400;\"> :<\/span><\/li>\n<\/ol>\n<p><span style=\"font-weight: 400;\">La F\u00eate nationale belge se cl\u00f4ture souvent par un magnifique spectacle de feux d&rsquo;artifice. Pour repr\u00e9senter la diversit\u00e9 linguistique, les feux d&rsquo;artifice sont parfois accompagn\u00e9s de lumi\u00e8res aux couleurs des drapeaux des communaut\u00e9s linguistiques. C&rsquo;est un moment symbolique o\u00f9 chaque langue est honor\u00e9e et o\u00f9 les spectateurs peuvent ressentir l&rsquo;unit\u00e9 dans la diversit\u00e9.<\/span><\/p>\n<p><b>La F\u00eate nationale belge est bien plus qu&rsquo;une simple c\u00e9l\u00e9bration patriotique. C&rsquo;est une occasion unique de mettre en avant la diversit\u00e9 linguistique de la Belgique et de c\u00e9l\u00e9brer !<\/b><\/p>\n<\/div><div class=\"fusion-separator fusion-full-width-sep\" style=\"align-self: center;margin-left: auto;margin-right: auto;margin-top:20px;width:100%;\"><\/div><\/div><\/div><\/div><\/div><\/p>\n","protected":false},"excerpt":{"rendered":"","protected":false},"author":36,"featured_media":41860,"comment_status":"open","ping_status":"open","sticky":false,"template":"","format":"standard","meta":{"footnotes":""},"categories":[771],"tags":[],"class_list":["post-41854","post","type-post","status-publish","format-standard","has-post-thumbnail","hentry","category-culture-et-traditions-fr"],"yoast_head":"<!-- This site is optimized with the Yoast SEO plugin v27.5 - https:\/\/yoast.com\/product\/yoast-seo-wordpress\/ -->\n<title>La f\u00eate nationale belge, la richesse de la diversit\u00e9<\/title>\n<meta name=\"description\" content=\"Dans cet article, nous explorerons l&#039;importance des langues dans la culture belge et la mani\u00e8re dont la F\u00eate nationale c\u00e9l\u00e8bre cette diversit\u00e9 linguistique exceptionnelle.\" \/>\n<meta name=\"robots\" content=\"index, follow, max-snippet:-1, max-image-preview:large, max-video-preview:-1\" \/>\n<link rel=\"canonical\" href=\"https:\/\/ecoledelangues.be\/fr\/fete-nationale-belge\/\" \/>\n<meta property=\"og:locale\" content=\"fr_FR\" \/>\n<meta property=\"og:type\" content=\"article\" \/>\n<meta property=\"og:title\" content=\"La f\u00eate nationale belge, la richesse de la diversit\u00e9\" \/>\n<meta property=\"og:description\" content=\"Dans cet article, nous explorerons l&#039;importance des langues dans la culture belge et la mani\u00e8re dont la F\u00eate nationale c\u00e9l\u00e8bre cette diversit\u00e9 linguistique exceptionnelle.\" \/>\n<meta property=\"og:url\" content=\"https:\/\/ecoledelangues.be\/fr\/fete-nationale-belge\/\" \/>\n<meta property=\"og:site_name\" content=\"EcoleDeLangues.be\" \/>\n<meta property=\"article:publisher\" content=\"https:\/\/www.facebook.com\/Ecoledelanguesbe\/\" \/>\n<meta property=\"article:published_time\" content=\"2023-06-13T11:13:51+00:00\" \/>\n<meta property=\"article:modified_time\" content=\"2024-05-23T12:22:17+00:00\" \/>\n<meta property=\"og:image\" content=\"https:\/\/ecoledelangues.be\/wp-content\/uploads\/2023\/06\/bruxelles-fete-nationale.png\" \/>\n\t<meta property=\"og:image:width\" content=\"1080\" \/>\n\t<meta property=\"og:image:height\" content=\"1080\" \/>\n\t<meta property=\"og:image:type\" content=\"image\/png\" \/>\n<meta name=\"author\" content=\"Stagiaire\" \/>\n<meta name=\"twitter:card\" content=\"summary_large_image\" \/>\n<meta name=\"twitter:label1\" content=\"\u00c9crit par\" \/>\n\t<meta name=\"twitter:data1\" content=\"Stagiaire\" \/>\n\t<meta name=\"twitter:label2\" content=\"Dur\u00e9e de lecture estim\u00e9e\" \/>\n\t<meta name=\"twitter:data2\" content=\"3 minutes\" \/>\n<script type=\"application\/ld+json\" class=\"yoast-schema-graph\">{\"@context\":\"https:\\\/\\\/schema.org\",\"@graph\":[{\"@type\":\"Article\",\"@id\":\"https:\\\/\\\/ecoledelangues.be\\\/fr\\\/fete-nationale-belge\\\/#article\",\"isPartOf\":{\"@id\":\"https:\\\/\\\/ecoledelangues.be\\\/fr\\\/fete-nationale-belge\\\/\"},\"author\":{\"name\":\"Stagiaire\",\"@id\":\"https:\\\/\\\/ecoledelangues.be\\\/fr\\\/#\\\/schema\\\/person\\\/912ae1a41589aa33cf4f05e5975b30a0\"},\"headline\":\"La f\u00eate nationale belge, la richesse de la diversit\u00e9\",\"datePublished\":\"2023-06-13T11:13:51+00:00\",\"dateModified\":\"2024-05-23T12:22:17+00:00\",\"mainEntityOfPage\":{\"@id\":\"https:\\\/\\\/ecoledelangues.be\\\/fr\\\/fete-nationale-belge\\\/\"},\"wordCount\":1377,\"commentCount\":0,\"publisher\":{\"@id\":\"https:\\\/\\\/ecoledelangues.be\\\/fr\\\/#organization\"},\"image\":{\"@id\":\"https:\\\/\\\/ecoledelangues.be\\\/fr\\\/fete-nationale-belge\\\/#primaryimage\"},\"thumbnailUrl\":\"https:\\\/\\\/ecoledelangues.be\\\/wp-content\\\/uploads\\\/2023\\\/06\\\/bruxelles-fete-nationale.png\",\"articleSection\":[\"Culture et Traditions\"],\"inLanguage\":\"fr-FR\",\"potentialAction\":[{\"@type\":\"CommentAction\",\"name\":\"Comment\",\"target\":[\"https:\\\/\\\/ecoledelangues.be\\\/fr\\\/fete-nationale-belge\\\/#respond\"]}]},{\"@type\":\"WebPage\",\"@id\":\"https:\\\/\\\/ecoledelangues.be\\\/fr\\\/fete-nationale-belge\\\/\",\"url\":\"https:\\\/\\\/ecoledelangues.be\\\/fr\\\/fete-nationale-belge\\\/\",\"name\":\"La f\u00eate nationale belge, la richesse de la diversit\u00e9\",\"isPartOf\":{\"@id\":\"https:\\\/\\\/ecoledelangues.be\\\/fr\\\/#website\"},\"primaryImageOfPage\":{\"@id\":\"https:\\\/\\\/ecoledelangues.be\\\/fr\\\/fete-nationale-belge\\\/#primaryimage\"},\"image\":{\"@id\":\"https:\\\/\\\/ecoledelangues.be\\\/fr\\\/fete-nationale-belge\\\/#primaryimage\"},\"thumbnailUrl\":\"https:\\\/\\\/ecoledelangues.be\\\/wp-content\\\/uploads\\\/2023\\\/06\\\/bruxelles-fete-nationale.png\",\"datePublished\":\"2023-06-13T11:13:51+00:00\",\"dateModified\":\"2024-05-23T12:22:17+00:00\",\"description\":\"Dans cet article, nous explorerons l'importance des langues dans la culture belge et la mani\u00e8re dont la F\u00eate nationale c\u00e9l\u00e8bre cette diversit\u00e9 linguistique exceptionnelle.\",\"breadcrumb\":{\"@id\":\"https:\\\/\\\/ecoledelangues.be\\\/fr\\\/fete-nationale-belge\\\/#breadcrumb\"},\"inLanguage\":\"fr-FR\",\"potentialAction\":[{\"@type\":\"ReadAction\",\"target\":[\"https:\\\/\\\/ecoledelangues.be\\\/fr\\\/fete-nationale-belge\\\/\"]}]},{\"@type\":\"ImageObject\",\"inLanguage\":\"fr-FR\",\"@id\":\"https:\\\/\\\/ecoledelangues.be\\\/fr\\\/fete-nationale-belge\\\/#primaryimage\",\"url\":\"https:\\\/\\\/ecoledelangues.be\\\/wp-content\\\/uploads\\\/2023\\\/06\\\/bruxelles-fete-nationale.png\",\"contentUrl\":\"https:\\\/\\\/ecoledelangues.be\\\/wp-content\\\/uploads\\\/2023\\\/06\\\/bruxelles-fete-nationale.png\",\"width\":1080,\"height\":1080,\"caption\":\"gens c\u00e9l\u00e8brent la f\u00eate nationale belge\"},{\"@type\":\"BreadcrumbList\",\"@id\":\"https:\\\/\\\/ecoledelangues.be\\\/fr\\\/fete-nationale-belge\\\/#breadcrumb\",\"itemListElement\":[{\"@type\":\"ListItem\",\"position\":1,\"name\":\"Home\",\"item\":\"https:\\\/\\\/ecoledelangues.be\\\/fr\\\/\"},{\"@type\":\"ListItem\",\"position\":2,\"name\":\"La f\u00eate nationale belge, la richesse de la diversit\u00e9\"}]},{\"@type\":\"WebSite\",\"@id\":\"https:\\\/\\\/ecoledelangues.be\\\/fr\\\/#website\",\"url\":\"https:\\\/\\\/ecoledelangues.be\\\/fr\\\/\",\"name\":\"EcoleDeLangues.be\",\"description\":\"Ecole de langues - cours pour enfants ados et adultes - fran\u00e7ais anglais n\u00e9erlandais\",\"publisher\":{\"@id\":\"https:\\\/\\\/ecoledelangues.be\\\/fr\\\/#organization\"},\"potentialAction\":[{\"@type\":\"SearchAction\",\"target\":{\"@type\":\"EntryPoint\",\"urlTemplate\":\"https:\\\/\\\/ecoledelangues.be\\\/fr\\\/?s={search_term_string}\"},\"query-input\":{\"@type\":\"PropertyValueSpecification\",\"valueRequired\":true,\"valueName\":\"search_term_string\"}}],\"inLanguage\":\"fr-FR\"},{\"@type\":\"Organization\",\"@id\":\"https:\\\/\\\/ecoledelangues.be\\\/fr\\\/#organization\",\"name\":\"Ecoledelangues.be\",\"alternateName\":\"Propulse ASBL\",\"url\":\"https:\\\/\\\/ecoledelangues.be\\\/fr\\\/\",\"logo\":{\"@type\":\"ImageObject\",\"inLanguage\":\"fr-FR\",\"@id\":\"https:\\\/\\\/ecoledelangues.be\\\/fr\\\/#\\\/schema\\\/logo\\\/image\\\/\",\"url\":\"https:\\\/\\\/ecoledelangues.be\\\/wp-content\\\/uploads\\\/2025\\\/04\\\/une-monggolfiere-qui-seleve-dans-le-ciel-qui-quitte-le-sol-couleur-du-ballon-_-orange-ff6e22-et-3cccd6-et-blanc-1.jpg\",\"contentUrl\":\"https:\\\/\\\/ecoledelangues.be\\\/wp-content\\\/uploads\\\/2025\\\/04\\\/une-monggolfiere-qui-seleve-dans-le-ciel-qui-quitte-le-sol-couleur-du-ballon-_-orange-ff6e22-et-3cccd6-et-blanc-1.jpg\",\"width\":1472,\"height\":832,\"caption\":\"Ecoledelangues.be\"},\"image\":{\"@id\":\"https:\\\/\\\/ecoledelangues.be\\\/fr\\\/#\\\/schema\\\/logo\\\/image\\\/\"},\"sameAs\":[\"https:\\\/\\\/www.facebook.com\\\/Ecoledelanguesbe\\\/\",\"https:\\\/\\\/www.instagram.com\\\/ecoledelanguesbe\\\/\",\"https:\\\/\\\/www.linkedin.com\\\/company\\\/ecoledelangues-be\\\/\",\"https:\\\/\\\/www.youtube.com\\\/channel\\\/UCCDb1VptuozMO6q9MqgltPg\"]},{\"@type\":\"Person\",\"@id\":\"https:\\\/\\\/ecoledelangues.be\\\/fr\\\/#\\\/schema\\\/person\\\/912ae1a41589aa33cf4f05e5975b30a0\",\"name\":\"Stagiaire\",\"image\":{\"@type\":\"ImageObject\",\"inLanguage\":\"fr-FR\",\"@id\":\"https:\\\/\\\/secure.gravatar.com\\\/avatar\\\/d655dbb07ea2bd880f367fbfc50597cbc2661d5c2fa57178295959681295a44f?s=96&d=mm&r=g\",\"url\":\"https:\\\/\\\/secure.gravatar.com\\\/avatar\\\/d655dbb07ea2bd880f367fbfc50597cbc2661d5c2fa57178295959681295a44f?s=96&d=mm&r=g\",\"contentUrl\":\"https:\\\/\\\/secure.gravatar.com\\\/avatar\\\/d655dbb07ea2bd880f367fbfc50597cbc2661d5c2fa57178295959681295a44f?s=96&d=mm&r=g\",\"caption\":\"Stagiaire\"},\"url\":\"https:\\\/\\\/ecoledelangues.be\\\/fr\\\/author\\\/stagiaire\\\/\"}]}<\/script>\n<!-- \/ Yoast SEO plugin. -->","yoast_head_json":{"title":"La f\u00eate nationale belge, la richesse de la diversit\u00e9","description":"Dans cet article, nous explorerons l'importance des langues dans la culture belge et la mani\u00e8re dont la F\u00eate nationale c\u00e9l\u00e8bre cette diversit\u00e9 linguistique exceptionnelle.","robots":{"index":"index","follow":"follow","max-snippet":"max-snippet:-1","max-image-preview":"max-image-preview:large","max-video-preview":"max-video-preview:-1"},"canonical":"https:\/\/ecoledelangues.be\/fr\/fete-nationale-belge\/","og_locale":"fr_FR","og_type":"article","og_title":"La f\u00eate nationale belge, la richesse de la diversit\u00e9","og_description":"Dans cet article, nous explorerons l'importance des langues dans la culture belge et la mani\u00e8re dont la F\u00eate nationale c\u00e9l\u00e8bre cette diversit\u00e9 linguistique exceptionnelle.","og_url":"https:\/\/ecoledelangues.be\/fr\/fete-nationale-belge\/","og_site_name":"EcoleDeLangues.be","article_publisher":"https:\/\/www.facebook.com\/Ecoledelanguesbe\/","article_published_time":"2023-06-13T11:13:51+00:00","article_modified_time":"2024-05-23T12:22:17+00:00","og_image":[{"width":1080,"height":1080,"url":"https:\/\/ecoledelangues.be\/wp-content\/uploads\/2023\/06\/bruxelles-fete-nationale.png","type":"image\/png"}],"author":"Stagiaire","twitter_card":"summary_large_image","twitter_misc":{"\u00c9crit par":"Stagiaire","Dur\u00e9e de lecture estim\u00e9e":"3 minutes"},"schema":{"@context":"https:\/\/schema.org","@graph":[{"@type":"Article","@id":"https:\/\/ecoledelangues.be\/fr\/fete-nationale-belge\/#article","isPartOf":{"@id":"https:\/\/ecoledelangues.be\/fr\/fete-nationale-belge\/"},"author":{"name":"Stagiaire","@id":"https:\/\/ecoledelangues.be\/fr\/#\/schema\/person\/912ae1a41589aa33cf4f05e5975b30a0"},"headline":"La f\u00eate nationale belge, la richesse de la diversit\u00e9","datePublished":"2023-06-13T11:13:51+00:00","dateModified":"2024-05-23T12:22:17+00:00","mainEntityOfPage":{"@id":"https:\/\/ecoledelangues.be\/fr\/fete-nationale-belge\/"},"wordCount":1377,"commentCount":0,"publisher":{"@id":"https:\/\/ecoledelangues.be\/fr\/#organization"},"image":{"@id":"https:\/\/ecoledelangues.be\/fr\/fete-nationale-belge\/#primaryimage"},"thumbnailUrl":"https:\/\/ecoledelangues.be\/wp-content\/uploads\/2023\/06\/bruxelles-fete-nationale.png","articleSection":["Culture et Traditions"],"inLanguage":"fr-FR","potentialAction":[{"@type":"CommentAction","name":"Comment","target":["https:\/\/ecoledelangues.be\/fr\/fete-nationale-belge\/#respond"]}]},{"@type":"WebPage","@id":"https:\/\/ecoledelangues.be\/fr\/fete-nationale-belge\/","url":"https:\/\/ecoledelangues.be\/fr\/fete-nationale-belge\/","name":"La f\u00eate nationale belge, la richesse de la diversit\u00e9","isPartOf":{"@id":"https:\/\/ecoledelangues.be\/fr\/#website"},"primaryImageOfPage":{"@id":"https:\/\/ecoledelangues.be\/fr\/fete-nationale-belge\/#primaryimage"},"image":{"@id":"https:\/\/ecoledelangues.be\/fr\/fete-nationale-belge\/#primaryimage"},"thumbnailUrl":"https:\/\/ecoledelangues.be\/wp-content\/uploads\/2023\/06\/bruxelles-fete-nationale.png","datePublished":"2023-06-13T11:13:51+00:00","dateModified":"2024-05-23T12:22:17+00:00","description":"Dans cet article, nous explorerons l'importance des langues dans la culture belge et la mani\u00e8re dont la F\u00eate nationale c\u00e9l\u00e8bre cette diversit\u00e9 linguistique exceptionnelle.","breadcrumb":{"@id":"https:\/\/ecoledelangues.be\/fr\/fete-nationale-belge\/#breadcrumb"},"inLanguage":"fr-FR","potentialAction":[{"@type":"ReadAction","target":["https:\/\/ecoledelangues.be\/fr\/fete-nationale-belge\/"]}]},{"@type":"ImageObject","inLanguage":"fr-FR","@id":"https:\/\/ecoledelangues.be\/fr\/fete-nationale-belge\/#primaryimage","url":"https:\/\/ecoledelangues.be\/wp-content\/uploads\/2023\/06\/bruxelles-fete-nationale.png","contentUrl":"https:\/\/ecoledelangues.be\/wp-content\/uploads\/2023\/06\/bruxelles-fete-nationale.png","width":1080,"height":1080,"caption":"gens c\u00e9l\u00e8brent la f\u00eate nationale belge"},{"@type":"BreadcrumbList","@id":"https:\/\/ecoledelangues.be\/fr\/fete-nationale-belge\/#breadcrumb","itemListElement":[{"@type":"ListItem","position":1,"name":"Home","item":"https:\/\/ecoledelangues.be\/fr\/"},{"@type":"ListItem","position":2,"name":"La f\u00eate nationale belge, la richesse de la diversit\u00e9"}]},{"@type":"WebSite","@id":"https:\/\/ecoledelangues.be\/fr\/#website","url":"https:\/\/ecoledelangues.be\/fr\/","name":"EcoleDeLangues.be","description":"Ecole de langues - cours pour enfants ados et adultes - fran\u00e7ais anglais n\u00e9erlandais","publisher":{"@id":"https:\/\/ecoledelangues.be\/fr\/#organization"},"potentialAction":[{"@type":"SearchAction","target":{"@type":"EntryPoint","urlTemplate":"https:\/\/ecoledelangues.be\/fr\/?s={search_term_string}"},"query-input":{"@type":"PropertyValueSpecification","valueRequired":true,"valueName":"search_term_string"}}],"inLanguage":"fr-FR"},{"@type":"Organization","@id":"https:\/\/ecoledelangues.be\/fr\/#organization","name":"Ecoledelangues.be","alternateName":"Propulse ASBL","url":"https:\/\/ecoledelangues.be\/fr\/","logo":{"@type":"ImageObject","inLanguage":"fr-FR","@id":"https:\/\/ecoledelangues.be\/fr\/#\/schema\/logo\/image\/","url":"https:\/\/ecoledelangues.be\/wp-content\/uploads\/2025\/04\/une-monggolfiere-qui-seleve-dans-le-ciel-qui-quitte-le-sol-couleur-du-ballon-_-orange-ff6e22-et-3cccd6-et-blanc-1.jpg","contentUrl":"https:\/\/ecoledelangues.be\/wp-content\/uploads\/2025\/04\/une-monggolfiere-qui-seleve-dans-le-ciel-qui-quitte-le-sol-couleur-du-ballon-_-orange-ff6e22-et-3cccd6-et-blanc-1.jpg","width":1472,"height":832,"caption":"Ecoledelangues.be"},"image":{"@id":"https:\/\/ecoledelangues.be\/fr\/#\/schema\/logo\/image\/"},"sameAs":["https:\/\/www.facebook.com\/Ecoledelanguesbe\/","https:\/\/www.instagram.com\/ecoledelanguesbe\/","https:\/\/www.linkedin.com\/company\/ecoledelangues-be\/","https:\/\/www.youtube.com\/channel\/UCCDb1VptuozMO6q9MqgltPg"]},{"@type":"Person","@id":"https:\/\/ecoledelangues.be\/fr\/#\/schema\/person\/912ae1a41589aa33cf4f05e5975b30a0","name":"Stagiaire","image":{"@type":"ImageObject","inLanguage":"fr-FR","@id":"https:\/\/secure.gravatar.com\/avatar\/d655dbb07ea2bd880f367fbfc50597cbc2661d5c2fa57178295959681295a44f?s=96&d=mm&r=g","url":"https:\/\/secure.gravatar.com\/avatar\/d655dbb07ea2bd880f367fbfc50597cbc2661d5c2fa57178295959681295a44f?s=96&d=mm&r=g","contentUrl":"https:\/\/secure.gravatar.com\/avatar\/d655dbb07ea2bd880f367fbfc50597cbc2661d5c2fa57178295959681295a44f?s=96&d=mm&r=g","caption":"Stagiaire"},"url":"https:\/\/ecoledelangues.be\/fr\/author\/stagiaire\/"}]}},"_links":{"self":[{"href":"https:\/\/ecoledelangues.be\/fr\/wp-json\/wp\/v2\/posts\/41854","targetHints":{"allow":["GET"]}}],"collection":[{"href":"https:\/\/ecoledelangues.be\/fr\/wp-json\/wp\/v2\/posts"}],"about":[{"href":"https:\/\/ecoledelangues.be\/fr\/wp-json\/wp\/v2\/types\/post"}],"author":[{"embeddable":true,"href":"https:\/\/ecoledelangues.be\/fr\/wp-json\/wp\/v2\/users\/36"}],"replies":[{"embeddable":true,"href":"https:\/\/ecoledelangues.be\/fr\/wp-json\/wp\/v2\/comments?post=41854"}],"version-history":[{"count":5,"href":"https:\/\/ecoledelangues.be\/fr\/wp-json\/wp\/v2\/posts\/41854\/revisions"}],"predecessor-version":[{"id":42988,"href":"https:\/\/ecoledelangues.be\/fr\/wp-json\/wp\/v2\/posts\/41854\/revisions\/42988"}],"wp:featuredmedia":[{"embeddable":true,"href":"https:\/\/ecoledelangues.be\/fr\/wp-json\/wp\/v2\/media\/41860"}],"wp:attachment":[{"href":"https:\/\/ecoledelangues.be\/fr\/wp-json\/wp\/v2\/media?parent=41854"}],"wp:term":[{"taxonomy":"category","embeddable":true,"href":"https:\/\/ecoledelangues.be\/fr\/wp-json\/wp\/v2\/categories?post=41854"},{"taxonomy":"post_tag","embeddable":true,"href":"https:\/\/ecoledelangues.be\/fr\/wp-json\/wp\/v2\/tags?post=41854"}],"curies":[{"name":"wp","href":"https:\/\/api.w.org\/{rel}","templated":true}]}}