{"id":40172,"date":"2022-09-08T08:56:45","date_gmt":"2022-09-08T08:56:45","guid":{"rendered":"https:\/\/ecoledelangues.be\/quel-est-le-meilleur-moment-de-la-journee-pour-etudier\/"},"modified":"2024-04-23T09:01:56","modified_gmt":"2024-04-23T09:01:56","slug":"raisons-etudier-matin","status":"publish","type":"post","link":"https:\/\/ecoledelangues.be\/fr\/raisons-etudier-matin\/","title":{"rendered":"Raisons pour \u00e9tudier le matin"},"content":{"rendered":"<p><div class=\"fusion-fullwidth fullwidth-box fusion-builder-row-1 fusion-flex-container nonhundred-percent-fullwidth non-hundred-percent-height-scrolling\" style=\"--awb-border-radius-top-left:0px;--awb-border-radius-top-right:0px;--awb-border-radius-bottom-right:0px;--awb-border-radius-bottom-left:0px;--awb-flex-wrap:wrap;\" ><div class=\"fusion-builder-row fusion-row fusion-flex-align-items-flex-start fusion-flex-content-wrap\" style=\"max-width:1216.8px;margin-left: calc(-4% \/ 2 );margin-right: calc(-4% \/ 2 );\"><div class=\"fusion-layout-column fusion_builder_column fusion-builder-column-0 fusion_builder_column_1_1 1_1 fusion-flex-column\" style=\"--awb-bg-size:cover;--awb-width-large:100%;--awb-margin-top-large:0px;--awb-spacing-right-large:1.92%;--awb-margin-bottom-large:0px;--awb-spacing-left-large:1.92%;--awb-width-medium:100%;--awb-order-medium:0;--awb-spacing-right-medium:1.92%;--awb-spacing-left-medium:1.92%;--awb-width-small:100%;--awb-order-small:0;--awb-spacing-right-small:1.92%;--awb-spacing-left-small:1.92%;\"><div class=\"fusion-column-wrapper fusion-column-has-shadow fusion-flex-justify-content-flex-start fusion-content-layout-column\"><div class=\"fusion-title title fusion-title-1 fusion-sep-none fusion-title-text fusion-title-size-one\" style=\"--awb-margin-top:10px;--awb-margin-top-small:5px;--awb-margin-right-small:0px;--awb-margin-bottom-small:20px;--awb-margin-left-small:0px;--awb-font-size:3em;\"><h1 class=\"fusion-title-heading title-heading-left fusion-responsive-typography-calculated\" style=\"margin:0;font-size:1em;--fontSize:42;line-height:1.08;\">Etudier le matin ou le soir, qu&rsquo;en dit la science ?<\/h1><\/div><div class=\"fusion-title title fusion-title-2 fusion-sep-none fusion-title-text fusion-title-size-two\" style=\"--awb-margin-top:60px;--awb-margin-top-small:0px;--awb-margin-right-small:0px;--awb-margin-bottom-small:20px;--awb-margin-left-small:0px;--awb-font-size:27px;\"><h2 class=\"fusion-title-heading title-heading-left fusion-responsive-typography-calculated\" style=\"margin:0;font-size:1em;--fontSize:27;line-height:1.41;\"><h2>Ce que dit la science<\/h2><\/h2><\/div><div class=\"fusion-text fusion-text-1\" style=\"--awb-text-transform:none;\"><p>Peu importe que vous appreniez une nouvelle langue, que vous appreniez \u00e0 cuisiner, que vous ma\u00eetrisiez un instrument de musique ou que vous entra\u00eeniez simplement votre m\u00e9moire, il est indispensable de savoir comment vote cerveau absorbe les nouvelles informations.<\/p>\n<p>Chacun est unique, mais nous pr\u00e9sentons tous des tendances psychophysiologiques similaires dans le processus d&rsquo;apprentissage. La compr\u00e9hension de ces points et du sch\u00e9ma vous aidera \u00e0 \u00e9laborer la strat\u00e9gie la plus efficace pour acqu\u00e9rir de nouvelles connaissances.<\/p>\n<p>Le cerveau est plus r\u00e9ceptif entre 10h00 et 12h00. Selon les experts, c&rsquo;est un bon moment pour apprendre, travailler sur un projet et prendre des d\u00e9cisions. \u00c0 partir de 12 heures, la s\u00e9cr\u00e9tion d&rsquo;adr\u00e9naline diminue, et 13 heures est l\u2019heure parfaite pour une sieste (pas plus d&rsquo;une heure).<\/p>\n<p>Selon la chronobiologie, entre 9 heures et 10 heures, notre organisme passe par une phase de pic glyc\u00e9mique qui favorise la capacit\u00e9 de concentration et de r\u00e9solution de probl\u00e8mes : c&rsquo;est donc le meilleur moment pour r\u00e9aliser des activit\u00e9s intellectuelles qui demandent de l&rsquo;attention et des capacit\u00e9s de d\u00e9cision.<\/p>\n<p>D\u2019aucuns estiment que nos meilleures performances intellectuelles, notamment du point de vue de la m\u00e9moire, se situent dans la tranche horaire comprise entre 15 et 17 heures : pendant ces heures votre cerveau est particuli\u00e8rement actif et concentr\u00e9, au meilleur de ses capacit\u00e9s mn\u00e9moniques. C\u2019est \u00e0 vous de choisir vos pr\u00e9f\u00e9rences en tenant compte de vos disponibilit\u00e9s.<\/p>\n<p>Cependant, une \u00e9tude men\u00e9e \u00e0 l&rsquo;universit\u00e9 de Harvard, publi\u00e9e dans la revue<a href=\"https:\/\/www.nature.com\/neuro\/\"> <i>Nature Neuroscience<\/i><\/a>, a r\u00e9v\u00e9l\u00e9 qu&rsquo;une bonne nuit de sommeil vous aidera \u00e0 consolider ce que vous apprenez et \u00e0 faire moins d&rsquo;erreurs de m\u00e9moire le lendemain. Pendant que vous dormez, votre cerveau transf\u00e8re ce que vous avez appris dans la m\u00e9moire \u00e0 long terme, mais rester \u00e9veill\u00e9 augmente les chances que ces informations s&rsquo;estompent. Il n&rsquo;en reste pas moins qu&rsquo;il y a toutes sortes d&rsquo;\u00e9tudiants, avec des situations diff\u00e9rentes, qui pr\u00e9f\u00e8rent \u00e9tudier la nuit.<\/p>\n<\/div><div class=\"fusion-text fusion-text-2\" style=\"--awb-text-transform:none;\"><h2>Les avantages d&rsquo;\u00e9tudier le matin<\/h2>\n<\/div><ul style=\"--awb-line-height:23.8px;--awb-icon-width:23.8px;--awb-icon-height:23.8px;--awb-icon-margin:9.8px;--awb-content-margin:33.6px;--awb-circlecolor:#ffffff;--awb-circle-yes-font-size:12.32px;\" class=\"fusion-checklist fusion-checklist-1 fusion-checklist-default type-icons\"><li class=\"fusion-li-item\" style=\"\"><span class=\"icon-wrapper circle-yes\"><i class=\"fusion-li-icon fa-address-book fas\" aria-hidden=\"true\"><\/i><\/span><div class=\"fusion-li-item-content\">\n<p><b>Le cerveau est plus frais et plus pr\u00eat \u00e0 recevoir des informations.<\/b><\/p>\n<\/div><\/li><li class=\"fusion-li-item\" style=\"\"><span class=\"icon-wrapper circle-yes\"><i class=\"fusion-li-icon fa-address-book fas\" aria-hidden=\"true\"><\/i><\/span><div class=\"fusion-li-item-content\">\n<p><b>La lumi\u00e8re naturelle vous rend plus alerte.<\/b><\/p>\n<\/div><\/li><li class=\"fusion-li-item\" style=\"\"><span class=\"icon-wrapper circle-yes\"><i class=\"fusion-li-icon fa-address-book fas\" aria-hidden=\"true\"><\/i><\/span><div class=\"fusion-li-item-content\">\n<p><b>Le rythme naturel du sommeil n&rsquo;est pas interrompu.<\/b><\/p>\n<\/div><\/li><li class=\"fusion-li-item\" style=\"\"><span class=\"icon-wrapper circle-yes\"><i class=\"fusion-li-icon fa-address-book fas\" aria-hidden=\"true\"><\/i><\/span><div class=\"fusion-li-item-content\">\n<p><b>Possibilit\u00e9 d&rsquo;\u00e9tudier avec des camarades de classe.<\/b><\/p>\n<\/div><\/li><\/ul><\/div><\/div><\/div><\/div><div class=\"fusion-fullwidth fullwidth-box fusion-builder-row-2 fusion-flex-container nonhundred-percent-fullwidth non-hundred-percent-height-scrolling\" style=\"--awb-border-radius-top-left:0px;--awb-border-radius-top-right:0px;--awb-border-radius-bottom-right:0px;--awb-border-radius-bottom-left:0px;--awb-padding-top:26px;--awb-margin-top:30px;--awb-flex-wrap:wrap;\" ><div class=\"fusion-builder-row fusion-row fusion-flex-align-items-flex-start fusion-flex-content-wrap\" style=\"max-width:1216.8px;margin-left: calc(-4% \/ 2 );margin-right: calc(-4% \/ 2 );\"><div class=\"fusion-layout-column fusion_builder_column fusion-builder-column-1 fusion_builder_column_3_5 3_5 fusion-flex-column\" style=\"--awb-bg-size:cover;--awb-width-large:60%;--awb-margin-top-large:0px;--awb-spacing-right-large:3.2%;--awb-margin-bottom-large:0px;--awb-spacing-left-large:3.2%;--awb-width-medium:100%;--awb-order-medium:0;--awb-spacing-right-medium:1.92%;--awb-spacing-left-medium:1.92%;--awb-width-small:100%;--awb-order-small:0;--awb-spacing-right-small:1.92%;--awb-spacing-left-small:1.92%;\"><div class=\"fusion-column-wrapper fusion-column-has-shadow fusion-flex-justify-content-flex-start fusion-content-layout-column\"><div class=\"fusion-text fusion-text-3\" style=\"--awb-text-transform:none;\"><ul>\n<li><b style=\"color: var(--awb-color5);\">Rouge<\/b><b> : C&rsquo;est l\u00e0 que la capacit\u00e9 de production est la plus \u00e9lev\u00e9e. Niveau d\u2019\u00e9nergie maximum.<\/b><\/li>\n<li><b style=\"color: var(--awb-color4);\"><\/b><b style=\"color: var(--awb-color4);\">Orange<\/b><b> : Ce niveau de capacit\u00e9 productive se situe \u00e0 mi-chemin entre l&rsquo;effervescence cr\u00e9ative et le simple vagabondage. L\u2019orange repr\u00e9sente l&rsquo;\u00e9tat interm\u00e9diaire entre le stade de la productivit\u00e9 maximale et celui de la relaxation.<\/b><\/li>\n<li><b style=\"color: #d1e804;\">Jaune<\/b><b> : Ce niveau de capacit\u00e9 correspond \u00e0 l&rsquo;\u00e9tat d&rsquo;inactivit\u00e9. Un certain travail productif peut \u00eatre effectu\u00e9, mais il ne s&rsquo;agira pas d&rsquo;une productivit\u00e9 de haut niveau, cela co\u00efncide avec les moments o\u00f9 la faim commence \u00e0 se faire sentir.<\/b><\/li>\n<li><b style=\"color: var(--awb-custom12);\">Vert<\/b><b> : \u00c0 ce niveau, je d\u00e9pense plus d&rsquo;\u00e9nergie \u00e0 essayer de continuer \u00e0 travailler qu&rsquo;\u00e0 effectuer le travail lui-m\u00eame. La cr\u00e9ativit\u00e9, la motivation ou la concentration ont pratiquement disparu.<\/b><\/li>\n<li><b style=\"color: var(--awb-color3);\">Gris<\/b><b> : Le gris indique que je dors, enfin !<\/b><\/li>\n<\/ul>\n<\/div><\/div><\/div><div class=\"fusion-layout-column fusion_builder_column fusion-builder-column-2 fusion_builder_column_2_5 2_5 fusion-flex-column\" style=\"--awb-bg-size:cover;--awb-width-large:40%;--awb-margin-top-large:0px;--awb-spacing-right-large:4.8%;--awb-margin-bottom-large:0px;--awb-spacing-left-large:4.8%;--awb-width-medium:100%;--awb-order-medium:0;--awb-spacing-right-medium:1.92%;--awb-spacing-left-medium:1.92%;--awb-width-small:100%;--awb-order-small:0;--awb-spacing-right-small:1.92%;--awb-spacing-left-small:1.92%;\"><div class=\"fusion-column-wrapper fusion-column-has-shadow fusion-flex-justify-content-flex-start fusion-content-layout-column\"><div class=\"fusion-image-element \" style=\"--awb-caption-title-font-family:var(--h2_typography-font-family);--awb-caption-title-font-weight:var(--h2_typography-font-weight);--awb-caption-title-font-style:var(--h2_typography-font-style);--awb-caption-title-size:var(--h2_typography-font-size);--awb-caption-title-transform:var(--h2_typography-text-transform);--awb-caption-title-line-height:var(--h2_typography-line-height);--awb-caption-title-letter-spacing:var(--h2_typography-letter-spacing);\"><span class=\" fusion-imageframe imageframe-none imageframe-1 hover-type-none\"><img decoding=\"async\" width=\"400\" height=\"320\" title=\"La roue de l\u2019\u00e9nergie de Charlie Gilkey\" src=\"https:\/\/ecoledelangues.be\/wp-content\/uploads\/2022\/09\/La-roue-de-lenergie-de-Charlie-Gilkey.png\" data-orig-src=\"https:\/\/ecoledelangues.be\/wp-content\/uploads\/2022\/09\/La-roue-de-lenergie-de-Charlie-Gilkey-400x320.png\" alt class=\"lazyload img-responsive wp-image-40162\" srcset=\"data:image\/svg+xml,%3Csvg%20xmlns%3D%27http%3A%2F%2Fwww.w3.org%2F2000%2Fsvg%27%20width%3D%272000%27%20height%3D%271600%27%20viewBox%3D%270%200%202000%201600%27%3E%3Crect%20width%3D%272000%27%20height%3D%271600%27%20fill-opacity%3D%220%22%2F%3E%3C%2Fsvg%3E\" data-srcset=\"https:\/\/ecoledelangues.be\/wp-content\/uploads\/2022\/09\/La-roue-de-lenergie-de-Charlie-Gilkey-200x160.png 200w, https:\/\/ecoledelangues.be\/wp-content\/uploads\/2022\/09\/La-roue-de-lenergie-de-Charlie-Gilkey-400x320.png 400w, https:\/\/ecoledelangues.be\/wp-content\/uploads\/2022\/09\/La-roue-de-lenergie-de-Charlie-Gilkey-600x480.png 600w, https:\/\/ecoledelangues.be\/wp-content\/uploads\/2022\/09\/La-roue-de-lenergie-de-Charlie-Gilkey-800x640.png 800w, https:\/\/ecoledelangues.be\/wp-content\/uploads\/2022\/09\/La-roue-de-lenergie-de-Charlie-Gilkey-1200x960.png 1200w\" data-sizes=\"auto\" data-orig-sizes=\"(max-width: 1024px) 100vw, (max-width: 640px) 100vw, 600px\" \/><\/span><\/div><\/div><\/div><\/div><\/div><div class=\"fusion-fullwidth fullwidth-box fusion-builder-row-3 fusion-flex-container nonhundred-percent-fullwidth non-hundred-percent-height-scrolling\" style=\"--awb-border-radius-top-left:0px;--awb-border-radius-top-right:0px;--awb-border-radius-bottom-right:0px;--awb-border-radius-bottom-left:0px;--awb-flex-wrap:wrap;\" ><div class=\"fusion-builder-row fusion-row fusion-flex-align-items-flex-start fusion-flex-content-wrap\" style=\"max-width:1216.8px;margin-left: calc(-4% \/ 2 );margin-right: calc(-4% \/ 2 );\"><div class=\"fusion-layout-column fusion_builder_column fusion-builder-column-3 fusion_builder_column_1_1 1_1 fusion-flex-column\" style=\"--awb-bg-size:cover;--awb-width-large:100%;--awb-margin-top-large:0px;--awb-spacing-right-large:1.92%;--awb-margin-bottom-large:0px;--awb-spacing-left-large:1.92%;--awb-width-medium:100%;--awb-order-medium:0;--awb-spacing-right-medium:1.92%;--awb-spacing-left-medium:1.92%;--awb-width-small:100%;--awb-order-small:0;--awb-spacing-right-small:1.92%;--awb-spacing-left-small:1.92%;\"><div class=\"fusion-column-wrapper fusion-column-has-shadow fusion-flex-justify-content-flex-start fusion-content-layout-column\"><div class=\"fusion-text fusion-text-4\" style=\"--awb-text-transform:none;\"><p>Quel est pour vous le meilleur moment de la journ\u00e9e pour \u00e9tudier ?<\/p>\n<p>Que vous soyez d&rsquo;accord avec moi ou que vous pensiez diff\u00e9remment, j&rsquo;aimerais conna\u00eetre votre opinion sur le meilleur moment pour \u00e9tudier. Je suis s\u00fbr que vous avez quelque chose d&rsquo;int\u00e9ressant \u00e0 raconter. Laissez un commentaire ci-dessous afin que chacun puisse b\u00e9n\u00e9ficier de votre exp\u00e9rience personnelle.<\/p>\n<p>Notre large palette de cours propos\u00e9s : <a href=\"https:\/\/ecoledelangues.be\/fr\/cours-de-langues-pour-adolescents\/\">https:\/\/ecoledelangues.be\/fr\/cours-de-langues-pour-adolescents\/<\/a><\/p>\n<\/div><div class=\"fusion-text fusion-text-5\"><p><b>Bibliographie :<\/b><br \/>\nhttps:\/\/www.ncbi.nlm.nih.gov\/pmc\/articles\/PMC5785655\/#:~:text=Chronobiology%20is%20the%20study%20of,medicine%20and%20psychiatry%20(1).<br \/>\nhttps:\/\/daily.jstor.org\/what-is-chronobiology\/<br \/>\nhttps:\/\/www.cairn.info\/revue-les-tribunes-de-la-sante1-2006-4-page-39.htm<br \/>\nhttps:\/\/www.nature.com\/neuro\/<br \/>\n<a href=\"https:\/\/www.productiveflourishing.com\/heat-mapping\/\"><br \/>\nhttps:\/\/www.productiveflourishing.com\/heat-mapping\/<\/a><br \/>\nhttps:\/\/www.oxfordlearning.com\/best-time-day-to-study\/<\/p>\n<\/div><\/div><\/div><\/div><\/div><\/p>\n","protected":false},"excerpt":{"rendered":"","protected":false},"author":32,"featured_media":40174,"comment_status":"open","ping_status":"open","sticky":false,"template":"","format":"standard","meta":{"footnotes":""},"categories":[770,739],"tags":[],"class_list":["post-40172","post","type-post","status-publish","format-standard","has-post-thumbnail","hentry","category-apprentissage-des-langues-fr","category-non-classifiee"],"yoast_head":"<!-- This site is optimized with the Yoast SEO plugin v27.5 - https:\/\/yoast.com\/product\/yoast-seo-wordpress\/ -->\n<title>Raisons pour \u00e9tudier le matin - EcoleDeLangues.be<\/title>\n<meta name=\"description\" content=\"Un article qui montre les raisons pour \u00e9tudier le matin. Nombre d&#039;arguments massue sont avanc\u00e9s pour d\u00e9montrer cela.\" \/>\n<meta name=\"robots\" content=\"index, follow, max-snippet:-1, max-image-preview:large, max-video-preview:-1\" \/>\n<link rel=\"canonical\" href=\"https:\/\/ecoledelangues.be\/fr\/raisons-etudier-matin\/\" \/>\n<meta property=\"og:locale\" content=\"fr_FR\" \/>\n<meta property=\"og:type\" content=\"article\" \/>\n<meta property=\"og:title\" content=\"Raisons pour \u00e9tudier le matin - EcoleDeLangues.be\" \/>\n<meta property=\"og:description\" content=\"Un article qui montre les raisons pour \u00e9tudier le matin. Nombre d&#039;arguments massue sont avanc\u00e9s pour d\u00e9montrer cela.\" \/>\n<meta property=\"og:url\" content=\"https:\/\/ecoledelangues.be\/fr\/raisons-etudier-matin\/\" \/>\n<meta property=\"og:site_name\" content=\"EcoleDeLangues.be\" \/>\n<meta property=\"article:publisher\" content=\"https:\/\/www.facebook.com\/Ecoledelanguesbe\/\" \/>\n<meta property=\"article:published_time\" content=\"2022-09-08T08:56:45+00:00\" \/>\n<meta property=\"article:modified_time\" content=\"2024-04-23T09:01:56+00:00\" \/>\n<meta property=\"og:image\" content=\"https:\/\/ecoledelangues.be\/wp-content\/uploads\/2022\/09\/image0.jpeg\" \/>\n\t<meta property=\"og:image:width\" content=\"1032\" \/>\n\t<meta property=\"og:image:height\" content=\"967\" \/>\n\t<meta property=\"og:image:type\" content=\"image\/jpeg\" \/>\n<meta name=\"author\" content=\"George Bahrin\" \/>\n<meta name=\"twitter:card\" content=\"summary_large_image\" \/>\n<meta name=\"twitter:label1\" content=\"\u00c9crit par\" \/>\n\t<meta name=\"twitter:data1\" content=\"George Bahrin\" \/>\n\t<meta name=\"twitter:label2\" content=\"Dur\u00e9e de lecture estim\u00e9e\" \/>\n\t<meta name=\"twitter:data2\" content=\"6 minutes\" \/>\n<script type=\"application\/ld+json\" class=\"yoast-schema-graph\">{\"@context\":\"https:\\\/\\\/schema.org\",\"@graph\":[{\"@type\":\"Article\",\"@id\":\"https:\\\/\\\/ecoledelangues.be\\\/fr\\\/raisons-etudier-matin\\\/#article\",\"isPartOf\":{\"@id\":\"https:\\\/\\\/ecoledelangues.be\\\/fr\\\/raisons-etudier-matin\\\/\"},\"author\":{\"name\":\"George Bahrin\",\"@id\":\"https:\\\/\\\/ecoledelangues.be\\\/fr\\\/#\\\/schema\\\/person\\\/601cc8b70793a1e0a7951331cc7333c4\"},\"headline\":\"Raisons pour \u00e9tudier le matin\",\"datePublished\":\"2022-09-08T08:56:45+00:00\",\"dateModified\":\"2024-04-23T09:01:56+00:00\",\"mainEntityOfPage\":{\"@id\":\"https:\\\/\\\/ecoledelangues.be\\\/fr\\\/raisons-etudier-matin\\\/\"},\"wordCount\":2226,\"commentCount\":0,\"publisher\":{\"@id\":\"https:\\\/\\\/ecoledelangues.be\\\/fr\\\/#organization\"},\"image\":{\"@id\":\"https:\\\/\\\/ecoledelangues.be\\\/fr\\\/raisons-etudier-matin\\\/#primaryimage\"},\"thumbnailUrl\":\"https:\\\/\\\/ecoledelangues.be\\\/wp-content\\\/uploads\\\/2022\\\/09\\\/image0.jpeg\",\"articleSection\":[\"Apprentissage des langues\",\"Non classifi\u00e9(e)\"],\"inLanguage\":\"fr-FR\",\"potentialAction\":[{\"@type\":\"CommentAction\",\"name\":\"Comment\",\"target\":[\"https:\\\/\\\/ecoledelangues.be\\\/fr\\\/raisons-etudier-matin\\\/#respond\"]}]},{\"@type\":\"WebPage\",\"@id\":\"https:\\\/\\\/ecoledelangues.be\\\/fr\\\/raisons-etudier-matin\\\/\",\"url\":\"https:\\\/\\\/ecoledelangues.be\\\/fr\\\/raisons-etudier-matin\\\/\",\"name\":\"Raisons pour \u00e9tudier le matin - EcoleDeLangues.be\",\"isPartOf\":{\"@id\":\"https:\\\/\\\/ecoledelangues.be\\\/fr\\\/#website\"},\"primaryImageOfPage\":{\"@id\":\"https:\\\/\\\/ecoledelangues.be\\\/fr\\\/raisons-etudier-matin\\\/#primaryimage\"},\"image\":{\"@id\":\"https:\\\/\\\/ecoledelangues.be\\\/fr\\\/raisons-etudier-matin\\\/#primaryimage\"},\"thumbnailUrl\":\"https:\\\/\\\/ecoledelangues.be\\\/wp-content\\\/uploads\\\/2022\\\/09\\\/image0.jpeg\",\"datePublished\":\"2022-09-08T08:56:45+00:00\",\"dateModified\":\"2024-04-23T09:01:56+00:00\",\"description\":\"Un article qui montre les raisons pour \u00e9tudier le matin. Nombre d'arguments massue sont avanc\u00e9s pour d\u00e9montrer cela.\",\"breadcrumb\":{\"@id\":\"https:\\\/\\\/ecoledelangues.be\\\/fr\\\/raisons-etudier-matin\\\/#breadcrumb\"},\"inLanguage\":\"fr-FR\",\"potentialAction\":[{\"@type\":\"ReadAction\",\"target\":[\"https:\\\/\\\/ecoledelangues.be\\\/fr\\\/raisons-etudier-matin\\\/\"]}]},{\"@type\":\"ImageObject\",\"inLanguage\":\"fr-FR\",\"@id\":\"https:\\\/\\\/ecoledelangues.be\\\/fr\\\/raisons-etudier-matin\\\/#primaryimage\",\"url\":\"https:\\\/\\\/ecoledelangues.be\\\/wp-content\\\/uploads\\\/2022\\\/09\\\/image0.jpeg\",\"contentUrl\":\"https:\\\/\\\/ecoledelangues.be\\\/wp-content\\\/uploads\\\/2022\\\/09\\\/image0.jpeg\",\"width\":1032,\"height\":967},{\"@type\":\"BreadcrumbList\",\"@id\":\"https:\\\/\\\/ecoledelangues.be\\\/fr\\\/raisons-etudier-matin\\\/#breadcrumb\",\"itemListElement\":[{\"@type\":\"ListItem\",\"position\":1,\"name\":\"Home\",\"item\":\"https:\\\/\\\/ecoledelangues.be\\\/fr\\\/\"},{\"@type\":\"ListItem\",\"position\":2,\"name\":\"Raisons pour \u00e9tudier le matin\"}]},{\"@type\":\"WebSite\",\"@id\":\"https:\\\/\\\/ecoledelangues.be\\\/fr\\\/#website\",\"url\":\"https:\\\/\\\/ecoledelangues.be\\\/fr\\\/\",\"name\":\"EcoleDeLangues.be\",\"description\":\"Ecole de langues - cours pour enfants ados et adultes - fran\u00e7ais anglais n\u00e9erlandais\",\"publisher\":{\"@id\":\"https:\\\/\\\/ecoledelangues.be\\\/fr\\\/#organization\"},\"potentialAction\":[{\"@type\":\"SearchAction\",\"target\":{\"@type\":\"EntryPoint\",\"urlTemplate\":\"https:\\\/\\\/ecoledelangues.be\\\/fr\\\/?s={search_term_string}\"},\"query-input\":{\"@type\":\"PropertyValueSpecification\",\"valueRequired\":true,\"valueName\":\"search_term_string\"}}],\"inLanguage\":\"fr-FR\"},{\"@type\":\"Organization\",\"@id\":\"https:\\\/\\\/ecoledelangues.be\\\/fr\\\/#organization\",\"name\":\"Ecoledelangues.be\",\"alternateName\":\"Propulse ASBL\",\"url\":\"https:\\\/\\\/ecoledelangues.be\\\/fr\\\/\",\"logo\":{\"@type\":\"ImageObject\",\"inLanguage\":\"fr-FR\",\"@id\":\"https:\\\/\\\/ecoledelangues.be\\\/fr\\\/#\\\/schema\\\/logo\\\/image\\\/\",\"url\":\"https:\\\/\\\/ecoledelangues.be\\\/wp-content\\\/uploads\\\/2025\\\/04\\\/une-monggolfiere-qui-seleve-dans-le-ciel-qui-quitte-le-sol-couleur-du-ballon-_-orange-ff6e22-et-3cccd6-et-blanc-1.jpg\",\"contentUrl\":\"https:\\\/\\\/ecoledelangues.be\\\/wp-content\\\/uploads\\\/2025\\\/04\\\/une-monggolfiere-qui-seleve-dans-le-ciel-qui-quitte-le-sol-couleur-du-ballon-_-orange-ff6e22-et-3cccd6-et-blanc-1.jpg\",\"width\":1472,\"height\":832,\"caption\":\"Ecoledelangues.be\"},\"image\":{\"@id\":\"https:\\\/\\\/ecoledelangues.be\\\/fr\\\/#\\\/schema\\\/logo\\\/image\\\/\"},\"sameAs\":[\"https:\\\/\\\/www.facebook.com\\\/Ecoledelanguesbe\\\/\",\"https:\\\/\\\/www.instagram.com\\\/ecoledelanguesbe\\\/\",\"https:\\\/\\\/www.linkedin.com\\\/company\\\/ecoledelangues-be\\\/\",\"https:\\\/\\\/www.youtube.com\\\/channel\\\/UCCDb1VptuozMO6q9MqgltPg\"]},{\"@type\":\"Person\",\"@id\":\"https:\\\/\\\/ecoledelangues.be\\\/fr\\\/#\\\/schema\\\/person\\\/601cc8b70793a1e0a7951331cc7333c4\",\"name\":\"George Bahrin\",\"image\":{\"@type\":\"ImageObject\",\"inLanguage\":\"fr-FR\",\"@id\":\"https:\\\/\\\/secure.gravatar.com\\\/avatar\\\/e3493b1a78b418342c8204a33b6933128243489613df458bd854ee5a609ba015?s=96&d=mm&r=g\",\"url\":\"https:\\\/\\\/secure.gravatar.com\\\/avatar\\\/e3493b1a78b418342c8204a33b6933128243489613df458bd854ee5a609ba015?s=96&d=mm&r=g\",\"contentUrl\":\"https:\\\/\\\/secure.gravatar.com\\\/avatar\\\/e3493b1a78b418342c8204a33b6933128243489613df458bd854ee5a609ba015?s=96&d=mm&r=g\",\"caption\":\"George Bahrin\"},\"url\":\"https:\\\/\\\/ecoledelangues.be\\\/fr\\\/author\\\/bahringeorgehotmail-com\\\/\"}]}<\/script>\n<!-- \/ Yoast SEO plugin. -->","yoast_head_json":{"title":"Raisons pour \u00e9tudier le matin - EcoleDeLangues.be","description":"Un article qui montre les raisons pour \u00e9tudier le matin. Nombre d'arguments massue sont avanc\u00e9s pour d\u00e9montrer cela.","robots":{"index":"index","follow":"follow","max-snippet":"max-snippet:-1","max-image-preview":"max-image-preview:large","max-video-preview":"max-video-preview:-1"},"canonical":"https:\/\/ecoledelangues.be\/fr\/raisons-etudier-matin\/","og_locale":"fr_FR","og_type":"article","og_title":"Raisons pour \u00e9tudier le matin - EcoleDeLangues.be","og_description":"Un article qui montre les raisons pour \u00e9tudier le matin. Nombre d'arguments massue sont avanc\u00e9s pour d\u00e9montrer cela.","og_url":"https:\/\/ecoledelangues.be\/fr\/raisons-etudier-matin\/","og_site_name":"EcoleDeLangues.be","article_publisher":"https:\/\/www.facebook.com\/Ecoledelanguesbe\/","article_published_time":"2022-09-08T08:56:45+00:00","article_modified_time":"2024-04-23T09:01:56+00:00","og_image":[{"width":1032,"height":967,"url":"https:\/\/ecoledelangues.be\/wp-content\/uploads\/2022\/09\/image0.jpeg","type":"image\/jpeg"}],"author":"George Bahrin","twitter_card":"summary_large_image","twitter_misc":{"\u00c9crit par":"George Bahrin","Dur\u00e9e de lecture estim\u00e9e":"6 minutes"},"schema":{"@context":"https:\/\/schema.org","@graph":[{"@type":"Article","@id":"https:\/\/ecoledelangues.be\/fr\/raisons-etudier-matin\/#article","isPartOf":{"@id":"https:\/\/ecoledelangues.be\/fr\/raisons-etudier-matin\/"},"author":{"name":"George Bahrin","@id":"https:\/\/ecoledelangues.be\/fr\/#\/schema\/person\/601cc8b70793a1e0a7951331cc7333c4"},"headline":"Raisons pour \u00e9tudier le matin","datePublished":"2022-09-08T08:56:45+00:00","dateModified":"2024-04-23T09:01:56+00:00","mainEntityOfPage":{"@id":"https:\/\/ecoledelangues.be\/fr\/raisons-etudier-matin\/"},"wordCount":2226,"commentCount":0,"publisher":{"@id":"https:\/\/ecoledelangues.be\/fr\/#organization"},"image":{"@id":"https:\/\/ecoledelangues.be\/fr\/raisons-etudier-matin\/#primaryimage"},"thumbnailUrl":"https:\/\/ecoledelangues.be\/wp-content\/uploads\/2022\/09\/image0.jpeg","articleSection":["Apprentissage des langues","Non classifi\u00e9(e)"],"inLanguage":"fr-FR","potentialAction":[{"@type":"CommentAction","name":"Comment","target":["https:\/\/ecoledelangues.be\/fr\/raisons-etudier-matin\/#respond"]}]},{"@type":"WebPage","@id":"https:\/\/ecoledelangues.be\/fr\/raisons-etudier-matin\/","url":"https:\/\/ecoledelangues.be\/fr\/raisons-etudier-matin\/","name":"Raisons pour \u00e9tudier le matin - EcoleDeLangues.be","isPartOf":{"@id":"https:\/\/ecoledelangues.be\/fr\/#website"},"primaryImageOfPage":{"@id":"https:\/\/ecoledelangues.be\/fr\/raisons-etudier-matin\/#primaryimage"},"image":{"@id":"https:\/\/ecoledelangues.be\/fr\/raisons-etudier-matin\/#primaryimage"},"thumbnailUrl":"https:\/\/ecoledelangues.be\/wp-content\/uploads\/2022\/09\/image0.jpeg","datePublished":"2022-09-08T08:56:45+00:00","dateModified":"2024-04-23T09:01:56+00:00","description":"Un article qui montre les raisons pour \u00e9tudier le matin. Nombre d'arguments massue sont avanc\u00e9s pour d\u00e9montrer cela.","breadcrumb":{"@id":"https:\/\/ecoledelangues.be\/fr\/raisons-etudier-matin\/#breadcrumb"},"inLanguage":"fr-FR","potentialAction":[{"@type":"ReadAction","target":["https:\/\/ecoledelangues.be\/fr\/raisons-etudier-matin\/"]}]},{"@type":"ImageObject","inLanguage":"fr-FR","@id":"https:\/\/ecoledelangues.be\/fr\/raisons-etudier-matin\/#primaryimage","url":"https:\/\/ecoledelangues.be\/wp-content\/uploads\/2022\/09\/image0.jpeg","contentUrl":"https:\/\/ecoledelangues.be\/wp-content\/uploads\/2022\/09\/image0.jpeg","width":1032,"height":967},{"@type":"BreadcrumbList","@id":"https:\/\/ecoledelangues.be\/fr\/raisons-etudier-matin\/#breadcrumb","itemListElement":[{"@type":"ListItem","position":1,"name":"Home","item":"https:\/\/ecoledelangues.be\/fr\/"},{"@type":"ListItem","position":2,"name":"Raisons pour \u00e9tudier le matin"}]},{"@type":"WebSite","@id":"https:\/\/ecoledelangues.be\/fr\/#website","url":"https:\/\/ecoledelangues.be\/fr\/","name":"EcoleDeLangues.be","description":"Ecole de langues - cours pour enfants ados et adultes - fran\u00e7ais anglais n\u00e9erlandais","publisher":{"@id":"https:\/\/ecoledelangues.be\/fr\/#organization"},"potentialAction":[{"@type":"SearchAction","target":{"@type":"EntryPoint","urlTemplate":"https:\/\/ecoledelangues.be\/fr\/?s={search_term_string}"},"query-input":{"@type":"PropertyValueSpecification","valueRequired":true,"valueName":"search_term_string"}}],"inLanguage":"fr-FR"},{"@type":"Organization","@id":"https:\/\/ecoledelangues.be\/fr\/#organization","name":"Ecoledelangues.be","alternateName":"Propulse ASBL","url":"https:\/\/ecoledelangues.be\/fr\/","logo":{"@type":"ImageObject","inLanguage":"fr-FR","@id":"https:\/\/ecoledelangues.be\/fr\/#\/schema\/logo\/image\/","url":"https:\/\/ecoledelangues.be\/wp-content\/uploads\/2025\/04\/une-monggolfiere-qui-seleve-dans-le-ciel-qui-quitte-le-sol-couleur-du-ballon-_-orange-ff6e22-et-3cccd6-et-blanc-1.jpg","contentUrl":"https:\/\/ecoledelangues.be\/wp-content\/uploads\/2025\/04\/une-monggolfiere-qui-seleve-dans-le-ciel-qui-quitte-le-sol-couleur-du-ballon-_-orange-ff6e22-et-3cccd6-et-blanc-1.jpg","width":1472,"height":832,"caption":"Ecoledelangues.be"},"image":{"@id":"https:\/\/ecoledelangues.be\/fr\/#\/schema\/logo\/image\/"},"sameAs":["https:\/\/www.facebook.com\/Ecoledelanguesbe\/","https:\/\/www.instagram.com\/ecoledelanguesbe\/","https:\/\/www.linkedin.com\/company\/ecoledelangues-be\/","https:\/\/www.youtube.com\/channel\/UCCDb1VptuozMO6q9MqgltPg"]},{"@type":"Person","@id":"https:\/\/ecoledelangues.be\/fr\/#\/schema\/person\/601cc8b70793a1e0a7951331cc7333c4","name":"George Bahrin","image":{"@type":"ImageObject","inLanguage":"fr-FR","@id":"https:\/\/secure.gravatar.com\/avatar\/e3493b1a78b418342c8204a33b6933128243489613df458bd854ee5a609ba015?s=96&d=mm&r=g","url":"https:\/\/secure.gravatar.com\/avatar\/e3493b1a78b418342c8204a33b6933128243489613df458bd854ee5a609ba015?s=96&d=mm&r=g","contentUrl":"https:\/\/secure.gravatar.com\/avatar\/e3493b1a78b418342c8204a33b6933128243489613df458bd854ee5a609ba015?s=96&d=mm&r=g","caption":"George Bahrin"},"url":"https:\/\/ecoledelangues.be\/fr\/author\/bahringeorgehotmail-com\/"}]}},"_links":{"self":[{"href":"https:\/\/ecoledelangues.be\/fr\/wp-json\/wp\/v2\/posts\/40172","targetHints":{"allow":["GET"]}}],"collection":[{"href":"https:\/\/ecoledelangues.be\/fr\/wp-json\/wp\/v2\/posts"}],"about":[{"href":"https:\/\/ecoledelangues.be\/fr\/wp-json\/wp\/v2\/types\/post"}],"author":[{"embeddable":true,"href":"https:\/\/ecoledelangues.be\/fr\/wp-json\/wp\/v2\/users\/32"}],"replies":[{"embeddable":true,"href":"https:\/\/ecoledelangues.be\/fr\/wp-json\/wp\/v2\/comments?post=40172"}],"version-history":[{"count":20,"href":"https:\/\/ecoledelangues.be\/fr\/wp-json\/wp\/v2\/posts\/40172\/revisions"}],"predecessor-version":[{"id":42811,"href":"https:\/\/ecoledelangues.be\/fr\/wp-json\/wp\/v2\/posts\/40172\/revisions\/42811"}],"wp:featuredmedia":[{"embeddable":true,"href":"https:\/\/ecoledelangues.be\/fr\/wp-json\/wp\/v2\/media\/40174"}],"wp:attachment":[{"href":"https:\/\/ecoledelangues.be\/fr\/wp-json\/wp\/v2\/media?parent=40172"}],"wp:term":[{"taxonomy":"category","embeddable":true,"href":"https:\/\/ecoledelangues.be\/fr\/wp-json\/wp\/v2\/categories?post=40172"},{"taxonomy":"post_tag","embeddable":true,"href":"https:\/\/ecoledelangues.be\/fr\/wp-json\/wp\/v2\/tags?post=40172"}],"curies":[{"name":"wp","href":"https:\/\/api.w.org\/{rel}","templated":true}]}}