{"id":39550,"date":"2022-04-01T14:37:21","date_gmt":"2022-04-01T14:37:21","guid":{"rendered":"https:\/\/ecoledelangues.be\/?p=39550"},"modified":"2022-04-14T12:36:33","modified_gmt":"2022-04-14T12:36:33","slug":"jeunes-et-langais-sur-les-reseaux-sociaux","status":"publish","type":"post","link":"https:\/\/ecoledelangues.be\/fr\/jeunes-et-langais-sur-les-reseaux-sociaux\/","title":{"rendered":"Les jeunes et l&rsquo;anglais sur les r\u00e9seaux sociaux"},"content":{"rendered":"<p><div class=\"fusion-fullwidth fullwidth-box fusion-builder-row-1 nonhundred-percent-fullwidth non-hundred-percent-height-scrolling\" style=\"--awb-border-radius-top-left:0px;--awb-border-radius-top-right:0px;--awb-border-radius-bottom-right:0px;--awb-border-radius-bottom-left:0px;--awb-padding-top:22px;--awb-padding-bottom:32px;--awb-margin-top:0px;--awb-margin-bottom:0px;--awb-background-image:linear-gradient(180deg, rgba(0,120,147,0.74) 0%,rgba(255,255,255,0) 100%);--awb-flex-wrap:wrap;\" ><div class=\"fusion-builder-row fusion-row\"><div class=\"fusion-layout-column fusion_builder_column fusion-builder-column-0 fusion_builder_column_1_1 1_1 fusion-one-full fusion-column-first fusion-column-last\" style=\"--awb-bg-size:cover;\"><div class=\"fusion-column-wrapper fusion-column-has-shadow fusion-flex-column-wrapper-legacy\"><div class=\"fusion-title title fusion-title-1 fusion-sep-none fusion-title-text fusion-title-size-one fusion-animated\" style=\"--awb-margin-top:20px;--awb-margin-bottom:15px;--awb-margin-top-small:0px;--awb-margin-right-small:0px;--awb-margin-bottom-small:20px;--awb-margin-left-small:0px;\" data-animationType=\"slideInLeft\" data-animationDuration=\"0.4\" data-animationOffset=\"top-into-view\"><h1 class=\"fusion-title-heading title-heading-left fusion-responsive-typography-calculated\" style=\"margin:0;--fontSize:58;line-height:1;\"><h1><span style=\"color: #ffffff;\">Les jeunes et l&rsquo;anglais sur les r\u00e9seaux sociaux<\/span><\/h1><\/h1><\/div><div class=\"fusion-text fusion-text-1 fusion-animated\" data-animationType=\"fadeInLeft\" data-animationDuration=\"0.3\" data-animationOffset=\"top-into-view\"><h3 class=\"fusion-responsive-typography-calculated\" style=\"--fontsize: 22; line-height: 1.36;\" data-fontsize=\"22\" data-lineheight=\"29.92px\"><\/h3>\n<\/div><div class=\"fusion-clearfix\"><\/div><\/div><\/div><\/div><\/div><div class=\"fusion-fullwidth fullwidth-box fusion-builder-row-2 nonhundred-percent-fullwidth non-hundred-percent-height-scrolling\" style=\"--awb-border-radius-top-left:0px;--awb-border-radius-top-right:0px;--awb-border-radius-bottom-right:0px;--awb-border-radius-bottom-left:0px;--awb-background-image:linear-gradient(180deg, rgba(255,255,255,0.74) 0%,rgba(255,255,255,0) 100%);--awb-flex-wrap:wrap;\" ><div class=\"fusion-builder-row fusion-row\"><div class=\"fusion-layout-column fusion_builder_column fusion-builder-column-1 fusion_builder_column_1_1 1_1 fusion-one-full fusion-column-first fusion-column-last\" style=\"--awb-bg-size:cover;--awb-margin-top:30px;\"><div class=\"fusion-column-wrapper fusion-column-has-shadow fusion-flex-column-wrapper-legacy\"><div class=\"fusion-text fusion-text-2\" style=\"--awb-text-transform:none;\"><h3>Les r\u00e9seaux sont devenus un espace international. Vous avez s\u00fbrement du contenu dans d\u2019autres langues que la v\u00f4tre qui passe sur votre fil! Et ce n\u2019est pas un mal!<\/h3>\n<h3>En effet, gr\u00e2ce aux r\u00e9seaux sociaux, beaucoup de personnes am\u00e9liorent leur niveau d\u2019anglais. Mais connaissez-vous la signification de toutes les expressions et abr\u00e9viations en anglais que les jeunes utilisent? <b><i>Let\u2019s see, shall we? <\/i><\/b><\/h3>\n<div id=\"ConnectiveDocSignExtentionInstalled\" data-extension-version=\"1.0.4\"><\/div>\n<\/div><div class=\"fusion-clearfix\"><\/div><\/div><\/div><div class=\"fusion-layout-column fusion_builder_column fusion-builder-column-2 fusion_builder_column_2_3 2_3 fusion-two-third fusion-column-first\" style=\"--awb-bg-size:cover;--awb-margin-top:30px;width:66.666666666667%;width:calc(66.666666666667% - ( ( 4% ) * 0.66666666666667 ) );margin-right: 4%;\"><div class=\"fusion-column-wrapper fusion-column-has-shadow fusion-flex-column-wrapper-legacy\"><div class=\"fusion-text fusion-text-3\" style=\"--awb-text-transform:none;\"><h3><em>\u00ab\u00a0It&rsquo;s lit\u00a0\u00bb<\/em><\/h3>\n<div>\n<p>Litt\u00e9ralement traduit comme \u201cc\u2019est allum\u00e9\u201d. Cette expression est utilis\u00e9e pour d\u00e9crire quelque chose qui est chouette et excitant.<\/p>\n<p><b>\u201cThis party is lit!\u201d <\/b><\/p>\n<\/div>\n<div id=\"ConnectiveDocSignExtentionInstalled\" data-extension-version=\"1.0.4\"><\/div>\n<\/div><div class=\"fusion-image-element fusion-image-align-center in-legacy-container\" style=\"text-align:center;--awb-caption-title-font-family:var(--h2_typography-font-family);--awb-caption-title-font-weight:var(--h2_typography-font-weight);--awb-caption-title-font-style:var(--h2_typography-font-style);--awb-caption-title-size:var(--h2_typography-font-size);--awb-caption-title-transform:var(--h2_typography-text-transform);--awb-caption-title-line-height:var(--h2_typography-line-height);--awb-caption-title-letter-spacing:var(--h2_typography-letter-spacing);\"><div class=\"imageframe-align-center\"><span class=\" fusion-imageframe imageframe-none imageframe-1 hover-type-none\"><img decoding=\"async\" width=\"300\" height=\"174\" title=\"it&rsquo;s lit\" src=\"https:\/\/ecoledelangues.be\/wp-content\/uploads\/2022\/04\/its-lit-2.jpeg\" data-orig-src=\"https:\/\/ecoledelangues.be\/wp-content\/uploads\/2022\/04\/its-lit-2-300x174.jpeg\" alt class=\"lazyload img-responsive wp-image-39601\" srcset=\"data:image\/svg+xml,%3Csvg%20xmlns%3D%27http%3A%2F%2Fwww.w3.org%2F2000%2Fsvg%27%20width%3D%271125%27%20height%3D%27653%27%20viewBox%3D%270%200%201125%20653%27%3E%3Crect%20width%3D%271125%27%20height%3D%27653%27%20fill-opacity%3D%220%22%2F%3E%3C%2Fsvg%3E\" data-srcset=\"https:\/\/ecoledelangues.be\/wp-content\/uploads\/2022\/04\/its-lit-2-200x116.jpeg 200w, https:\/\/ecoledelangues.be\/wp-content\/uploads\/2022\/04\/its-lit-2-400x232.jpeg 400w, https:\/\/ecoledelangues.be\/wp-content\/uploads\/2022\/04\/its-lit-2-600x348.jpeg 600w, https:\/\/ecoledelangues.be\/wp-content\/uploads\/2022\/04\/its-lit-2-800x464.jpeg 800w, https:\/\/ecoledelangues.be\/wp-content\/uploads\/2022\/04\/its-lit-2.jpeg 1125w\" data-sizes=\"auto\" data-orig-sizes=\"(max-width: 800px) 100vw, 800px\" \/><\/span><\/div><\/div><div class=\"fusion-clearfix\"><\/div><\/div><\/div><\/div><\/div><div class=\"fusion-fullwidth fullwidth-box fusion-builder-row-3 fusion-flex-container nonhundred-percent-fullwidth non-hundred-percent-height-scrolling\" style=\"--awb-border-radius-top-left:0px;--awb-border-radius-top-right:0px;--awb-border-radius-bottom-right:0px;--awb-border-radius-bottom-left:0px;--awb-flex-wrap:wrap;\" ><div class=\"fusion-builder-row fusion-row fusion-flex-align-items-flex-start fusion-flex-content-wrap\" style=\"max-width:1216.8px;margin-left: calc(-4% \/ 2 );margin-right: calc(-4% \/ 2 );\"><div class=\"fusion-layout-column fusion_builder_column fusion-builder-column-3 fusion_builder_column_2_3 2_3 fusion-flex-column\" style=\"--awb-bg-size:cover;--awb-width-large:66.666666666667%;--awb-margin-top-large:0px;--awb-spacing-right-large:2.88%;--awb-margin-bottom-large:0px;--awb-spacing-left-large:2.88%;--awb-width-medium:100%;--awb-order-medium:0;--awb-spacing-right-medium:1.92%;--awb-spacing-left-medium:1.92%;--awb-width-small:100%;--awb-order-small:0;--awb-spacing-right-small:1.92%;--awb-spacing-left-small:1.92%;\"><div class=\"fusion-column-wrapper fusion-column-has-shadow fusion-flex-justify-content-flex-start fusion-content-layout-column\"><div class=\"fusion-text fusion-text-4\" style=\"--awb-text-transform:none;\"><h3><em>\u00ab\u00a0Spill the tea\u00a0\u00bb<\/em><b><\/b><\/h3>\n<div>\n<p>Renverse le th\u00e9. Cette phrase est utilis\u00e9e pendant les moments un peu \u201ccomm\u00e8re\u201d. On demande alors \u00e0 la personne de tout nous dire, m\u00eame si cela \u00e9tait un secret.\u00a0 Un \u00e9quivalent \u00e0 notre \u201callez, accouche!\u201d<\/p>\n<p><b>\u201cSpill the tea! I want to know every single detail ;)\u201d <\/b><\/p>\n<\/div>\n<div id=\"ConnectiveDocSignExtentionInstalled\" data-extension-version=\"1.0.4\"><\/div>\n<\/div><div class=\"fusion-image-element \" style=\"text-align:center;--awb-caption-title-font-family:var(--h2_typography-font-family);--awb-caption-title-font-weight:var(--h2_typography-font-weight);--awb-caption-title-font-style:var(--h2_typography-font-style);--awb-caption-title-size:var(--h2_typography-font-size);--awb-caption-title-transform:var(--h2_typography-text-transform);--awb-caption-title-line-height:var(--h2_typography-line-height);--awb-caption-title-letter-spacing:var(--h2_typography-letter-spacing);\"><span class=\" fusion-imageframe imageframe-none imageframe-2 hover-type-none\"><img decoding=\"async\" width=\"300\" height=\"235\" alt=\"Tweet one: putting a cover in the set list :) \/ Tweet 2: Which one??? spill the tea\" title=\"spill the tea\" src=\"https:\/\/ecoledelangues.be\/wp-content\/uploads\/2022\/04\/spill-the-tea.jpeg\" data-orig-src=\"https:\/\/ecoledelangues.be\/wp-content\/uploads\/2022\/04\/spill-the-tea-300x235.jpeg\" class=\"lazyload img-responsive wp-image-39609\" srcset=\"data:image\/svg+xml,%3Csvg%20xmlns%3D%27http%3A%2F%2Fwww.w3.org%2F2000%2Fsvg%27%20width%3D%271094%27%20height%3D%27857%27%20viewBox%3D%270%200%201094%20857%27%3E%3Crect%20width%3D%271094%27%20height%3D%27857%27%20fill-opacity%3D%220%22%2F%3E%3C%2Fsvg%3E\" data-srcset=\"https:\/\/ecoledelangues.be\/wp-content\/uploads\/2022\/04\/spill-the-tea-200x157.jpeg 200w, https:\/\/ecoledelangues.be\/wp-content\/uploads\/2022\/04\/spill-the-tea-400x313.jpeg 400w, https:\/\/ecoledelangues.be\/wp-content\/uploads\/2022\/04\/spill-the-tea-600x470.jpeg 600w, https:\/\/ecoledelangues.be\/wp-content\/uploads\/2022\/04\/spill-the-tea-800x627.jpeg 800w, https:\/\/ecoledelangues.be\/wp-content\/uploads\/2022\/04\/spill-the-tea.jpeg 1094w\" data-sizes=\"auto\" data-orig-sizes=\"(max-width: 1024px) 100vw, (max-width: 640px) 100vw, 800px\" \/><\/span><\/div><\/div><\/div><\/div><\/div><div class=\"fusion-fullwidth fullwidth-box fusion-builder-row-4 fusion-flex-container nonhundred-percent-fullwidth non-hundred-percent-height-scrolling\" style=\"--awb-border-radius-top-left:0px;--awb-border-radius-top-right:0px;--awb-border-radius-bottom-right:0px;--awb-border-radius-bottom-left:0px;--awb-flex-wrap:wrap;\" ><div class=\"fusion-builder-row fusion-row fusion-flex-align-items-flex-start fusion-flex-content-wrap\" style=\"max-width:1216.8px;margin-left: calc(-4% \/ 2 );margin-right: calc(-4% \/ 2 );\"><div class=\"fusion-layout-column fusion_builder_column fusion-builder-column-4 fusion_builder_column_2_3 2_3 fusion-flex-column\" style=\"--awb-bg-size:cover;--awb-width-large:66.666666666667%;--awb-margin-top-large:0px;--awb-spacing-right-large:2.88%;--awb-margin-bottom-large:0px;--awb-spacing-left-large:2.88%;--awb-width-medium:100%;--awb-order-medium:0;--awb-spacing-right-medium:1.92%;--awb-spacing-left-medium:1.92%;--awb-width-small:100%;--awb-order-small:0;--awb-spacing-right-small:1.92%;--awb-spacing-left-small:1.92%;\"><div class=\"fusion-column-wrapper fusion-column-has-shadow fusion-flex-justify-content-flex-start fusion-content-layout-column\"><div class=\"fusion-text fusion-text-5\" style=\"--awb-text-transform:none;\"><h3><b><em>\u00ab\u00a0It&rsquo;s the _ for me\u00a0\u00bb<\/em><br \/>\n<\/b><\/h3>\n<div>\n<p>Cette phrase qui est souvent utilis\u00e9e pour complimenter, peut \u00e9galement \u00eatre utilis\u00e9e sarcastiquement. Traduite par \u201cC\u2019est _ pour moi\u201d. Celle-ci peut-\u00eatre utilis\u00e9e pour indiquer ce qui vous plait chez une personne.<\/p>\n<p><b>\u201cIt\u2019s the <\/b><b><i>dress <\/i><\/b><b>for me! You look stunning.\u201d <\/b><\/p>\n<\/div>\n<div id=\"ConnectiveDocSignExtentionInstalled\" data-extension-version=\"1.0.4\"><\/div>\n<\/div><div class=\"fusion-image-element \" style=\"text-align:center;--awb-caption-title-font-family:var(--h2_typography-font-family);--awb-caption-title-font-weight:var(--h2_typography-font-weight);--awb-caption-title-font-style:var(--h2_typography-font-style);--awb-caption-title-size:var(--h2_typography-font-size);--awb-caption-title-transform:var(--h2_typography-text-transform);--awb-caption-title-line-height:var(--h2_typography-line-height);--awb-caption-title-letter-spacing:var(--h2_typography-letter-spacing);\"><span class=\" fusion-imageframe imageframe-none imageframe-3 hover-type-none\"><img decoding=\"async\" width=\"268\" height=\"300\" title=\"it&rsquo;s the for me\" src=\"https:\/\/ecoledelangues.be\/wp-content\/uploads\/2022\/04\/its-the-for-me-1.jpeg\" data-orig-src=\"https:\/\/ecoledelangues.be\/wp-content\/uploads\/2022\/04\/its-the-for-me-1-268x300.jpeg\" alt class=\"lazyload img-responsive wp-image-39605\" srcset=\"data:image\/svg+xml,%3Csvg%20xmlns%3D%27http%3A%2F%2Fwww.w3.org%2F2000%2Fsvg%27%20width%3D%271095%27%20height%3D%271227%27%20viewBox%3D%270%200%201095%201227%27%3E%3Crect%20width%3D%271095%27%20height%3D%271227%27%20fill-opacity%3D%220%22%2F%3E%3C%2Fsvg%3E\" data-srcset=\"https:\/\/ecoledelangues.be\/wp-content\/uploads\/2022\/04\/its-the-for-me-1-200x224.jpeg 200w, https:\/\/ecoledelangues.be\/wp-content\/uploads\/2022\/04\/its-the-for-me-1-400x448.jpeg 400w, https:\/\/ecoledelangues.be\/wp-content\/uploads\/2022\/04\/its-the-for-me-1-600x672.jpeg 600w, https:\/\/ecoledelangues.be\/wp-content\/uploads\/2022\/04\/its-the-for-me-1-800x896.jpeg 800w, https:\/\/ecoledelangues.be\/wp-content\/uploads\/2022\/04\/its-the-for-me-1.jpeg 1095w\" data-sizes=\"auto\" data-orig-sizes=\"(max-width: 1024px) 100vw, (max-width: 640px) 100vw, 800px\" \/><\/span><\/div><\/div><\/div><\/div><\/div><div class=\"fusion-fullwidth fullwidth-box fusion-builder-row-5 fusion-flex-container nonhundred-percent-fullwidth non-hundred-percent-height-scrolling\" style=\"--awb-border-radius-top-left:0px;--awb-border-radius-top-right:0px;--awb-border-radius-bottom-right:0px;--awb-border-radius-bottom-left:0px;--awb-flex-wrap:wrap;\" ><div class=\"fusion-builder-row fusion-row fusion-flex-align-items-flex-start fusion-flex-content-wrap\" style=\"max-width:1216.8px;margin-left: calc(-4% \/ 2 );margin-right: calc(-4% \/ 2 );\"><div class=\"fusion-layout-column fusion_builder_column fusion-builder-column-5 fusion_builder_column_2_3 2_3 fusion-flex-column\" style=\"--awb-bg-size:cover;--awb-width-large:66.666666666667%;--awb-margin-top-large:0px;--awb-spacing-right-large:2.88%;--awb-margin-bottom-large:0px;--awb-spacing-left-large:2.88%;--awb-width-medium:100%;--awb-order-medium:0;--awb-spacing-right-medium:1.92%;--awb-spacing-left-medium:1.92%;--awb-width-small:100%;--awb-order-small:0;--awb-spacing-right-small:1.92%;--awb-spacing-left-small:1.92%;\"><div class=\"fusion-column-wrapper fusion-column-has-shadow fusion-flex-justify-content-flex-start fusion-content-layout-column\"><div class=\"fusion-text fusion-text-6\" style=\"--awb-text-transform:none;\"><h3><em>\u00ab\u00a0Mood\u00a0\u00bb<\/em><b><br \/>\n<\/b><\/h3>\n<div>\n<p>Le mot qui voulait notamment dire \u201cton \u00e9tat d\u2019humeur\u201d a chang\u00e9 de signification aux alentours de 2016. Il est maintenant utilis\u00e9 pour montrer ton accord avec autrui.<\/p>\n<p>En utilisant <b><i>\u201cmood\u201d<\/i><\/b> tu exprimes que quelque chose est <i>relatable,<\/i> similaire \u00e0 \u201csame\u201d.<\/p>\n<\/div>\n<div id=\"ConnectiveDocSignExtentionInstalled\" data-extension-version=\"1.0.4\"><\/div>\n<\/div><div class=\"fusion-image-element \" style=\"text-align:center;--awb-caption-title-font-family:var(--h2_typography-font-family);--awb-caption-title-font-weight:var(--h2_typography-font-weight);--awb-caption-title-font-style:var(--h2_typography-font-style);--awb-caption-title-size:var(--h2_typography-font-size);--awb-caption-title-transform:var(--h2_typography-text-transform);--awb-caption-title-line-height:var(--h2_typography-line-height);--awb-caption-title-letter-spacing:var(--h2_typography-letter-spacing);\"><span class=\" fusion-imageframe imageframe-none imageframe-4 hover-type-none\"><img decoding=\"async\" width=\"300\" height=\"259\" alt=\"Someone tweeted &quot;mood&quot; with a picture of a puppet that is worried. Meaning the person is worried.\" title=\"mood\" src=\"https:\/\/ecoledelangues.be\/wp-content\/uploads\/2022\/04\/mood.jpeg\" data-orig-src=\"https:\/\/ecoledelangues.be\/wp-content\/uploads\/2022\/04\/mood-300x259.jpeg\" class=\"lazyload img-responsive wp-image-39572\" srcset=\"data:image\/svg+xml,%3Csvg%20xmlns%3D%27http%3A%2F%2Fwww.w3.org%2F2000%2Fsvg%27%20width%3D%271125%27%20height%3D%27971%27%20viewBox%3D%270%200%201125%20971%27%3E%3Crect%20width%3D%271125%27%20height%3D%27971%27%20fill-opacity%3D%220%22%2F%3E%3C%2Fsvg%3E\" data-srcset=\"https:\/\/ecoledelangues.be\/wp-content\/uploads\/2022\/04\/mood-200x173.jpeg 200w, https:\/\/ecoledelangues.be\/wp-content\/uploads\/2022\/04\/mood-400x345.jpeg 400w, https:\/\/ecoledelangues.be\/wp-content\/uploads\/2022\/04\/mood-600x518.jpeg 600w, https:\/\/ecoledelangues.be\/wp-content\/uploads\/2022\/04\/mood-800x690.jpeg 800w, https:\/\/ecoledelangues.be\/wp-content\/uploads\/2022\/04\/mood.jpeg 1125w\" data-sizes=\"auto\" data-orig-sizes=\"(max-width: 1024px) 100vw, (max-width: 640px) 100vw, 800px\" \/><\/span><\/div><\/div><\/div><\/div><\/div><div class=\"fusion-fullwidth fullwidth-box fusion-builder-row-6 fusion-flex-container nonhundred-percent-fullwidth non-hundred-percent-height-scrolling\" style=\"--awb-border-radius-top-left:0px;--awb-border-radius-top-right:0px;--awb-border-radius-bottom-right:0px;--awb-border-radius-bottom-left:0px;--awb-flex-wrap:wrap;\" ><div class=\"fusion-builder-row fusion-row fusion-flex-align-items-flex-start fusion-flex-content-wrap\" style=\"max-width:1216.8px;margin-left: calc(-4% \/ 2 );margin-right: calc(-4% \/ 2 );\"><div class=\"fusion-layout-column fusion_builder_column fusion-builder-column-6 fusion_builder_column_2_3 2_3 fusion-flex-column\" style=\"--awb-bg-size:cover;--awb-width-large:66.666666666667%;--awb-margin-top-large:0px;--awb-spacing-right-large:2.88%;--awb-margin-bottom-large:0px;--awb-spacing-left-large:2.88%;--awb-width-medium:100%;--awb-order-medium:0;--awb-spacing-right-medium:1.92%;--awb-spacing-left-medium:1.92%;--awb-width-small:100%;--awb-order-small:0;--awb-spacing-right-small:1.92%;--awb-spacing-left-small:1.92%;\"><div class=\"fusion-column-wrapper fusion-column-has-shadow fusion-flex-justify-content-flex-start fusion-content-layout-column\"><div class=\"fusion-text fusion-text-7\" style=\"--awb-text-transform:none;\"><h3><em>\u00ab\u00a0Flex\u00a0\u00bb<\/em><b><br \/>\n<\/b><\/h3>\n<div>\n<p>Un mot qui est tr\u00e8s flex-ible. La premi\u00e8re d\u00e9finition est \u201cplier\u201d. Et sa deuxi\u00e8me \u201cmettre en avant\u201d.<\/p>\n<p><b><i>\u201cStop flexing on us your new Jordan shoes, we get it they are cute. \u201c<\/i><\/b><\/p>\n<\/div>\n<div id=\"ConnectiveDocSignExtentionInstalled\" data-extension-version=\"1.0.4\"><\/div>\n<\/div><div class=\"fusion-image-element \" style=\"text-align:center;--awb-caption-title-font-family:var(--h2_typography-font-family);--awb-caption-title-font-weight:var(--h2_typography-font-weight);--awb-caption-title-font-style:var(--h2_typography-font-style);--awb-caption-title-size:var(--h2_typography-font-size);--awb-caption-title-transform:var(--h2_typography-text-transform);--awb-caption-title-line-height:var(--h2_typography-line-height);--awb-caption-title-letter-spacing:var(--h2_typography-letter-spacing);\"><span class=\" fusion-imageframe imageframe-none imageframe-5 hover-type-none\"><img decoding=\"async\" width=\"189\" height=\"300\" title=\"flex\" src=\"https:\/\/ecoledelangues.be\/wp-content\/uploads\/2022\/04\/flex-1.jpeg\" data-orig-src=\"https:\/\/ecoledelangues.be\/wp-content\/uploads\/2022\/04\/flex-1-189x300.jpeg\" alt class=\"lazyload img-responsive wp-image-39597\" srcset=\"data:image\/svg+xml,%3Csvg%20xmlns%3D%27http%3A%2F%2Fwww.w3.org%2F2000%2Fsvg%27%20width%3D%271099%27%20height%3D%271743%27%20viewBox%3D%270%200%201099%201743%27%3E%3Crect%20width%3D%271099%27%20height%3D%271743%27%20fill-opacity%3D%220%22%2F%3E%3C%2Fsvg%3E\" data-srcset=\"https:\/\/ecoledelangues.be\/wp-content\/uploads\/2022\/04\/flex-1-200x317.jpeg 200w, https:\/\/ecoledelangues.be\/wp-content\/uploads\/2022\/04\/flex-1-400x634.jpeg 400w, https:\/\/ecoledelangues.be\/wp-content\/uploads\/2022\/04\/flex-1-600x952.jpeg 600w, https:\/\/ecoledelangues.be\/wp-content\/uploads\/2022\/04\/flex-1-800x1269.jpeg 800w, https:\/\/ecoledelangues.be\/wp-content\/uploads\/2022\/04\/flex-1.jpeg 1099w\" data-sizes=\"auto\" data-orig-sizes=\"(max-width: 1024px) 100vw, (max-width: 640px) 100vw, 800px\" \/><\/span><\/div><\/div><\/div><\/div><\/div><div class=\"fusion-fullwidth fullwidth-box fusion-builder-row-7 fusion-flex-container nonhundred-percent-fullwidth non-hundred-percent-height-scrolling\" style=\"--awb-border-radius-top-left:0px;--awb-border-radius-top-right:0px;--awb-border-radius-bottom-right:0px;--awb-border-radius-bottom-left:0px;--awb-flex-wrap:wrap;\" ><div class=\"fusion-builder-row fusion-row fusion-flex-align-items-flex-start fusion-flex-content-wrap\" style=\"max-width:1216.8px;margin-left: calc(-4% \/ 2 );margin-right: calc(-4% \/ 2 );\"><div class=\"fusion-layout-column fusion_builder_column fusion-builder-column-7 fusion_builder_column_2_3 2_3 fusion-flex-column\" style=\"--awb-bg-size:cover;--awb-width-large:66.666666666667%;--awb-margin-top-large:0px;--awb-spacing-right-large:2.88%;--awb-margin-bottom-large:0px;--awb-spacing-left-large:2.88%;--awb-width-medium:100%;--awb-order-medium:0;--awb-spacing-right-medium:1.92%;--awb-spacing-left-medium:1.92%;--awb-width-small:100%;--awb-order-small:0;--awb-spacing-right-small:1.92%;--awb-spacing-left-small:1.92%;\"><div class=\"fusion-column-wrapper fusion-column-has-shadow fusion-flex-justify-content-flex-start fusion-content-layout-column\"><div class=\"fusion-text fusion-text-8\" style=\"--awb-text-transform:none;\"><h3><em>\u00ab\u00a0NGL\u00a0\u00bb<\/em><b><br \/>\n<\/b><\/h3>\n<div>\n<p>Abr\u00e9viation de \u201cnot gonna lie\u201d. Ce terme est utilis\u00e9 pour <i>admettre <\/i>quelque chose.<\/p>\n<p><b><i>\u201cNgl, I kind of miss going to school.\u201d<\/i><\/b><\/p>\n<\/div>\n<div id=\"ConnectiveDocSignExtentionInstalled\" data-extension-version=\"1.0.4\"><\/div>\n<\/div><div class=\"fusion-image-element \" style=\"text-align:center;--awb-caption-title-font-family:var(--h2_typography-font-family);--awb-caption-title-font-weight:var(--h2_typography-font-weight);--awb-caption-title-font-style:var(--h2_typography-font-style);--awb-caption-title-size:var(--h2_typography-font-size);--awb-caption-title-transform:var(--h2_typography-text-transform);--awb-caption-title-line-height:var(--h2_typography-line-height);--awb-caption-title-letter-spacing:var(--h2_typography-letter-spacing);\"><span class=\" fusion-imageframe imageframe-none imageframe-6 hover-type-none\"><img decoding=\"async\" width=\"300\" height=\"202\" alt=\"@shaxnlatts tweeted &quot;gonna miss high school ngl&quot;\" title=\"ngl\" src=\"https:\/\/ecoledelangues.be\/wp-content\/uploads\/2022\/04\/ngl.jpeg\" data-orig-src=\"https:\/\/ecoledelangues.be\/wp-content\/uploads\/2022\/04\/ngl-300x202.jpeg\" class=\"lazyload img-responsive wp-image-39576\" srcset=\"data:image\/svg+xml,%3Csvg%20xmlns%3D%27http%3A%2F%2Fwww.w3.org%2F2000%2Fsvg%27%20width%3D%271125%27%20height%3D%27757%27%20viewBox%3D%270%200%201125%20757%27%3E%3Crect%20width%3D%271125%27%20height%3D%27757%27%20fill-opacity%3D%220%22%2F%3E%3C%2Fsvg%3E\" data-srcset=\"https:\/\/ecoledelangues.be\/wp-content\/uploads\/2022\/04\/ngl-200x135.jpeg 200w, https:\/\/ecoledelangues.be\/wp-content\/uploads\/2022\/04\/ngl-400x269.jpeg 400w, https:\/\/ecoledelangues.be\/wp-content\/uploads\/2022\/04\/ngl-600x404.jpeg 600w, https:\/\/ecoledelangues.be\/wp-content\/uploads\/2022\/04\/ngl-800x538.jpeg 800w, https:\/\/ecoledelangues.be\/wp-content\/uploads\/2022\/04\/ngl.jpeg 1125w\" data-sizes=\"auto\" data-orig-sizes=\"(max-width: 1024px) 100vw, (max-width: 640px) 100vw, 800px\" \/><\/span><\/div><\/div><\/div><\/div><\/div><div class=\"fusion-fullwidth fullwidth-box fusion-builder-row-8 fusion-flex-container nonhundred-percent-fullwidth non-hundred-percent-height-scrolling\" style=\"--awb-border-radius-top-left:0px;--awb-border-radius-top-right:0px;--awb-border-radius-bottom-right:0px;--awb-border-radius-bottom-left:0px;--awb-flex-wrap:wrap;\" ><div class=\"fusion-builder-row fusion-row fusion-flex-align-items-flex-start fusion-flex-content-wrap\" style=\"max-width:1216.8px;margin-left: calc(-4% \/ 2 );margin-right: calc(-4% \/ 2 );\"><div class=\"fusion-layout-column fusion_builder_column fusion-builder-column-8 fusion_builder_column_2_3 2_3 fusion-flex-column\" style=\"--awb-bg-size:cover;--awb-width-large:66.666666666667%;--awb-margin-top-large:0px;--awb-spacing-right-large:2.88%;--awb-margin-bottom-large:0px;--awb-spacing-left-large:2.88%;--awb-width-medium:100%;--awb-order-medium:0;--awb-spacing-right-medium:1.92%;--awb-spacing-left-medium:1.92%;--awb-width-small:100%;--awb-order-small:0;--awb-spacing-right-small:1.92%;--awb-spacing-left-small:1.92%;\"><div class=\"fusion-column-wrapper fusion-column-has-shadow fusion-flex-justify-content-flex-start fusion-content-layout-column\"><div class=\"fusion-text fusion-text-9\" style=\"--awb-text-transform:none;\"><h3><em>\u00ab\u00a0BRB\u00a0\u00bb<\/em><b><br \/>\n<\/b><\/h3>\n<div>Abr\u00e9viation pour \u201cBe right back\u201d. Celle ci souvent utilis\u00e9 dans les messages : elle veut dire <b>\u201cJe reviens tout de suite\u201d<\/b><\/div>\n<div id=\"ConnectiveDocSignExtentionInstalled\" data-extension-version=\"1.0.4\"><\/div>\n<\/div><div class=\"fusion-image-element \" style=\"text-align:center;--awb-caption-title-font-family:var(--h2_typography-font-family);--awb-caption-title-font-weight:var(--h2_typography-font-weight);--awb-caption-title-font-style:var(--h2_typography-font-style);--awb-caption-title-size:var(--h2_typography-font-size);--awb-caption-title-transform:var(--h2_typography-text-transform);--awb-caption-title-line-height:var(--h2_typography-line-height);--awb-caption-title-letter-spacing:var(--h2_typography-letter-spacing);\"><span class=\" fusion-imageframe imageframe-none imageframe-7 hover-type-none\"><img decoding=\"async\" width=\"300\" height=\"267\" title=\"brb\" src=\"https:\/\/ecoledelangues.be\/wp-content\/uploads\/2022\/04\/brb-1.jpeg\" data-orig-src=\"https:\/\/ecoledelangues.be\/wp-content\/uploads\/2022\/04\/brb-1-300x267.jpeg\" alt class=\"lazyload img-responsive wp-image-39593\" srcset=\"data:image\/svg+xml,%3Csvg%20xmlns%3D%27http%3A%2F%2Fwww.w3.org%2F2000%2Fsvg%27%20width%3D%271103%27%20height%3D%27983%27%20viewBox%3D%270%200%201103%20983%27%3E%3Crect%20width%3D%271103%27%20height%3D%27983%27%20fill-opacity%3D%220%22%2F%3E%3C%2Fsvg%3E\" data-srcset=\"https:\/\/ecoledelangues.be\/wp-content\/uploads\/2022\/04\/brb-1-200x178.jpeg 200w, https:\/\/ecoledelangues.be\/wp-content\/uploads\/2022\/04\/brb-1-400x356.jpeg 400w, https:\/\/ecoledelangues.be\/wp-content\/uploads\/2022\/04\/brb-1-600x535.jpeg 600w, https:\/\/ecoledelangues.be\/wp-content\/uploads\/2022\/04\/brb-1-800x713.jpeg 800w, https:\/\/ecoledelangues.be\/wp-content\/uploads\/2022\/04\/brb-1.jpeg 1103w\" data-sizes=\"auto\" data-orig-sizes=\"(max-width: 1024px) 100vw, (max-width: 640px) 100vw, 800px\" \/><\/span><\/div><\/div><\/div><\/div><\/div><div class=\"fusion-fullwidth fullwidth-box fusion-builder-row-9 fusion-flex-container fusion-parallax-none nonhundred-percent-fullwidth non-hundred-percent-height-scrolling lazyload\" style=\"--awb-background-position:center top;--awb-border-radius-top-left:0px;--awb-border-radius-top-right:0px;--awb-border-radius-bottom-right:0px;--awb-border-radius-bottom-left:0px;--awb-padding-top:50px;--awb-padding-bottom:125.9844px;--awb-margin-top:40px;--awb-background-size:cover;--awb-flex-wrap:wrap;\" data-bg=\"https:\/\/ecoledelangues.be\/wp-content\/uploads\/2021\/04\/Page-ados-stages-3.png\" ><div class=\"fusion-builder-row fusion-row fusion-flex-align-items-flex-start fusion-flex-content-wrap\" style=\"max-width:1216.8px;margin-left: calc(-4% \/ 2 );margin-right: calc(-4% \/ 2 );\"><div class=\"fusion-layout-column fusion_builder_column fusion-builder-column-9 fusion_builder_column_1_2 1_2 fusion-flex-column\" style=\"--awb-padding-top:90px;--awb-bg-size:cover;--awb-width-large:50%;--awb-margin-top-large:0px;--awb-spacing-right-large:3.84%;--awb-margin-bottom-large:0px;--awb-spacing-left-large:3.84%;--awb-width-medium:100%;--awb-order-medium:0;--awb-spacing-right-medium:1.92%;--awb-spacing-left-medium:1.92%;--awb-width-small:100%;--awb-order-small:0;--awb-spacing-right-small:1.92%;--awb-spacing-left-small:1.92%;\"><div class=\"fusion-column-wrapper fusion-column-has-shadow fusion-flex-justify-content-flex-start fusion-content-layout-column\"><div style=\"text-align:center;\"><a class=\"fusion-button button-flat button-xlarge button-custom fusion-button-default button-1 fusion-button-default-span fusion-button-default-type fusion-animated\" style=\"--button_accent_color:#ffffff;--button_accent_hover_color:#ff6e22;--button_border_hover_color:#ff6e22;--button_gradient_top_color:#ff6e22;--button_gradient_bottom_color:#ff6e22;--button_gradient_top_color_hover:#ffffff;--button_gradient_bottom_color_hover:#ffffff;\" data-animationType=\"bounceInLeft\" data-animationDuration=\"0.3\" data-animationOffset=\"top-into-view\" target=\"_self\" href=\"https:\/\/ecoledelangues.be\/kids-language-classes\/\"><span class=\"fusion-button-text awb-button__text awb-button__text--default\">Nos Ateliers Langues pour Ados<\/span><\/a><\/div><\/div><\/div><div class=\"fusion-layout-column fusion_builder_column fusion-builder-column-10 fusion_builder_column_1_2 1_2 fusion-flex-column\" style=\"--awb-padding-top:86px;--awb-bg-size:cover;--awb-width-large:50%;--awb-margin-top-large:0px;--awb-spacing-right-large:3.84%;--awb-margin-bottom-large:0px;--awb-spacing-left-large:3.84%;--awb-width-medium:100%;--awb-order-medium:0;--awb-spacing-right-medium:1.92%;--awb-spacing-left-medium:1.92%;--awb-width-small:100%;--awb-order-small:0;--awb-spacing-right-small:1.92%;--awb-spacing-left-small:1.92%;\"><div class=\"fusion-column-wrapper fusion-column-has-shadow fusion-flex-justify-content-flex-start fusion-content-layout-column\"><div style=\"text-align:center;\"><a class=\"fusion-button button-flat button-xlarge button-custom fusion-button-default button-2 fusion-button-default-span fusion-button-default-type fusion-animated\" style=\"--button_accent_color:#ffffff;--button_accent_hover_color:#ff6e22;--button_border_hover_color:#ff6e22;--button_gradient_top_color:#ff6e22;--button_gradient_bottom_color:#ff6e22;--button_gradient_top_color_hover:#ffffff;--button_gradient_bottom_color_hover:#ffffff;\" data-animationType=\"bounceInLeft\" data-animationDuration=\"0.3\" data-animationOffset=\"top-into-view\" target=\"_self\" href=\"https:\/\/ecoledelangues.be\/fr\/stages-langues-pour-enfants\/\"><span class=\"fusion-button-text awb-button__text awb-button__text--default\">Nos Stages Langues pour Ados<\/span><\/a><\/div><\/div><\/div><\/div><\/div><\/p>\n","protected":false},"excerpt":{"rendered":"","protected":false},"author":2,"featured_media":39670,"comment_status":"open","ping_status":"open","sticky":false,"template":"","format":"standard","meta":{"footnotes":""},"categories":[770],"tags":[],"class_list":["post-39550","post","type-post","status-publish","format-standard","has-post-thumbnail","hentry","category-apprentissage-des-langues-fr"],"yoast_head":"<!-- This site is optimized with the Yoast SEO plugin v27.5 - https:\/\/yoast.com\/product\/yoast-seo-wordpress\/ -->\n<title>Les jeunes et l&#039;anglais sur les r\u00e9seaux sociaux -<\/title>\n<meta name=\"description\" content=\"Connaissez-vous la signification de toutes les expressions et abr\u00e9viations en anglais que les jeunes utilisent? Let\u2019s see, shall we?\" \/>\n<meta name=\"robots\" content=\"index, follow, max-snippet:-1, max-image-preview:large, max-video-preview:-1\" \/>\n<link rel=\"canonical\" href=\"https:\/\/ecoledelangues.be\/fr\/jeunes-et-langais-sur-les-reseaux-sociaux\/\" \/>\n<meta property=\"og:locale\" content=\"fr_FR\" \/>\n<meta property=\"og:type\" content=\"article\" \/>\n<meta property=\"og:title\" content=\"Les jeunes et l&#039;anglais sur les r\u00e9seaux sociaux -\" \/>\n<meta property=\"og:description\" content=\"Connaissez-vous la signification de toutes les expressions et abr\u00e9viations en anglais que les jeunes utilisent? Let\u2019s see, shall we?\" \/>\n<meta property=\"og:url\" content=\"https:\/\/ecoledelangues.be\/fr\/jeunes-et-langais-sur-les-reseaux-sociaux\/\" \/>\n<meta property=\"og:site_name\" content=\"EcoleDeLangues.be\" \/>\n<meta property=\"article:publisher\" content=\"https:\/\/www.facebook.com\/Ecoledelanguesbe\/\" \/>\n<meta property=\"article:published_time\" content=\"2022-04-01T14:37:21+00:00\" \/>\n<meta property=\"article:modified_time\" content=\"2022-04-14T12:36:33+00:00\" \/>\n<meta property=\"og:image\" content=\"https:\/\/ecoledelangues.be\/wp-content\/uploads\/2022\/04\/ngl.jpeg\" \/>\n\t<meta property=\"og:image:width\" content=\"1125\" \/>\n\t<meta property=\"og:image:height\" content=\"757\" \/>\n\t<meta property=\"og:image:type\" content=\"image\/jpeg\" \/>\n<meta name=\"author\" content=\"segolene\" \/>\n<meta name=\"twitter:card\" content=\"summary_large_image\" \/>\n<meta name=\"twitter:image\" content=\"https:\/\/ecoledelangues.be\/wp-content\/uploads\/2022\/04\/spill-the-te.jpeg\" \/>\n<meta name=\"twitter:label1\" content=\"\u00c9crit par\" \/>\n\t<meta name=\"twitter:data1\" content=\"segolene\" \/>\n\t<meta name=\"twitter:label2\" content=\"Dur\u00e9e de lecture estim\u00e9e\" \/>\n\t<meta name=\"twitter:data2\" content=\"8 minutes\" \/>\n<script type=\"application\/ld+json\" class=\"yoast-schema-graph\">{\"@context\":\"https:\\\/\\\/schema.org\",\"@graph\":[{\"@type\":\"Article\",\"@id\":\"https:\\\/\\\/ecoledelangues.be\\\/fr\\\/jeunes-et-langais-sur-les-reseaux-sociaux\\\/#article\",\"isPartOf\":{\"@id\":\"https:\\\/\\\/ecoledelangues.be\\\/fr\\\/jeunes-et-langais-sur-les-reseaux-sociaux\\\/\"},\"author\":{\"name\":\"segolene\",\"@id\":\"https:\\\/\\\/ecoledelangues.be\\\/fr\\\/#\\\/schema\\\/person\\\/7e6eddf631ad76d818e9868195123eb2\"},\"headline\":\"Les jeunes et l&rsquo;anglais sur les r\u00e9seaux sociaux\",\"datePublished\":\"2022-04-01T14:37:21+00:00\",\"dateModified\":\"2022-04-14T12:36:33+00:00\",\"mainEntityOfPage\":{\"@id\":\"https:\\\/\\\/ecoledelangues.be\\\/fr\\\/jeunes-et-langais-sur-les-reseaux-sociaux\\\/\"},\"wordCount\":4655,\"commentCount\":0,\"publisher\":{\"@id\":\"https:\\\/\\\/ecoledelangues.be\\\/fr\\\/#organization\"},\"image\":{\"@id\":\"https:\\\/\\\/ecoledelangues.be\\\/fr\\\/jeunes-et-langais-sur-les-reseaux-sociaux\\\/#primaryimage\"},\"thumbnailUrl\":\"https:\\\/\\\/ecoledelangues.be\\\/wp-content\\\/uploads\\\/2022\\\/04\\\/Sans-titre13.png\",\"articleSection\":[\"Apprentissage des langues\"],\"inLanguage\":\"fr-FR\",\"potentialAction\":[{\"@type\":\"CommentAction\",\"name\":\"Comment\",\"target\":[\"https:\\\/\\\/ecoledelangues.be\\\/fr\\\/jeunes-et-langais-sur-les-reseaux-sociaux\\\/#respond\"]}]},{\"@type\":\"WebPage\",\"@id\":\"https:\\\/\\\/ecoledelangues.be\\\/fr\\\/jeunes-et-langais-sur-les-reseaux-sociaux\\\/\",\"url\":\"https:\\\/\\\/ecoledelangues.be\\\/fr\\\/jeunes-et-langais-sur-les-reseaux-sociaux\\\/\",\"name\":\"Les jeunes et l'anglais sur les r\u00e9seaux sociaux -\",\"isPartOf\":{\"@id\":\"https:\\\/\\\/ecoledelangues.be\\\/fr\\\/#website\"},\"primaryImageOfPage\":{\"@id\":\"https:\\\/\\\/ecoledelangues.be\\\/fr\\\/jeunes-et-langais-sur-les-reseaux-sociaux\\\/#primaryimage\"},\"image\":{\"@id\":\"https:\\\/\\\/ecoledelangues.be\\\/fr\\\/jeunes-et-langais-sur-les-reseaux-sociaux\\\/#primaryimage\"},\"thumbnailUrl\":\"https:\\\/\\\/ecoledelangues.be\\\/wp-content\\\/uploads\\\/2022\\\/04\\\/Sans-titre13.png\",\"datePublished\":\"2022-04-01T14:37:21+00:00\",\"dateModified\":\"2022-04-14T12:36:33+00:00\",\"description\":\"Connaissez-vous la signification de toutes les expressions et abr\u00e9viations en anglais que les jeunes utilisent? Let\u2019s see, shall we?\",\"breadcrumb\":{\"@id\":\"https:\\\/\\\/ecoledelangues.be\\\/fr\\\/jeunes-et-langais-sur-les-reseaux-sociaux\\\/#breadcrumb\"},\"inLanguage\":\"fr-FR\",\"potentialAction\":[{\"@type\":\"ReadAction\",\"target\":[\"https:\\\/\\\/ecoledelangues.be\\\/fr\\\/jeunes-et-langais-sur-les-reseaux-sociaux\\\/\"]}]},{\"@type\":\"ImageObject\",\"inLanguage\":\"fr-FR\",\"@id\":\"https:\\\/\\\/ecoledelangues.be\\\/fr\\\/jeunes-et-langais-sur-les-reseaux-sociaux\\\/#primaryimage\",\"url\":\"https:\\\/\\\/ecoledelangues.be\\\/wp-content\\\/uploads\\\/2022\\\/04\\\/Sans-titre13.png\",\"contentUrl\":\"https:\\\/\\\/ecoledelangues.be\\\/wp-content\\\/uploads\\\/2022\\\/04\\\/Sans-titre13.png\",\"width\":1080,\"height\":1080,\"caption\":\"Des ados sur leur t\u00e9l\u00e9phone\"},{\"@type\":\"BreadcrumbList\",\"@id\":\"https:\\\/\\\/ecoledelangues.be\\\/fr\\\/jeunes-et-langais-sur-les-reseaux-sociaux\\\/#breadcrumb\",\"itemListElement\":[{\"@type\":\"ListItem\",\"position\":1,\"name\":\"Home\",\"item\":\"https:\\\/\\\/ecoledelangues.be\\\/fr\\\/\"},{\"@type\":\"ListItem\",\"position\":2,\"name\":\"Les jeunes et l&#8217;anglais sur les r\u00e9seaux sociaux\"}]},{\"@type\":\"WebSite\",\"@id\":\"https:\\\/\\\/ecoledelangues.be\\\/fr\\\/#website\",\"url\":\"https:\\\/\\\/ecoledelangues.be\\\/fr\\\/\",\"name\":\"EcoleDeLangues.be\",\"description\":\"Ecole de langues - cours pour enfants ados et adultes - fran\u00e7ais anglais n\u00e9erlandais\",\"publisher\":{\"@id\":\"https:\\\/\\\/ecoledelangues.be\\\/fr\\\/#organization\"},\"potentialAction\":[{\"@type\":\"SearchAction\",\"target\":{\"@type\":\"EntryPoint\",\"urlTemplate\":\"https:\\\/\\\/ecoledelangues.be\\\/fr\\\/?s={search_term_string}\"},\"query-input\":{\"@type\":\"PropertyValueSpecification\",\"valueRequired\":true,\"valueName\":\"search_term_string\"}}],\"inLanguage\":\"fr-FR\"},{\"@type\":\"Organization\",\"@id\":\"https:\\\/\\\/ecoledelangues.be\\\/fr\\\/#organization\",\"name\":\"Ecoledelangues.be\",\"alternateName\":\"Propulse ASBL\",\"url\":\"https:\\\/\\\/ecoledelangues.be\\\/fr\\\/\",\"logo\":{\"@type\":\"ImageObject\",\"inLanguage\":\"fr-FR\",\"@id\":\"https:\\\/\\\/ecoledelangues.be\\\/fr\\\/#\\\/schema\\\/logo\\\/image\\\/\",\"url\":\"https:\\\/\\\/ecoledelangues.be\\\/wp-content\\\/uploads\\\/2025\\\/04\\\/une-monggolfiere-qui-seleve-dans-le-ciel-qui-quitte-le-sol-couleur-du-ballon-_-orange-ff6e22-et-3cccd6-et-blanc-1.jpg\",\"contentUrl\":\"https:\\\/\\\/ecoledelangues.be\\\/wp-content\\\/uploads\\\/2025\\\/04\\\/une-monggolfiere-qui-seleve-dans-le-ciel-qui-quitte-le-sol-couleur-du-ballon-_-orange-ff6e22-et-3cccd6-et-blanc-1.jpg\",\"width\":1472,\"height\":832,\"caption\":\"Ecoledelangues.be\"},\"image\":{\"@id\":\"https:\\\/\\\/ecoledelangues.be\\\/fr\\\/#\\\/schema\\\/logo\\\/image\\\/\"},\"sameAs\":[\"https:\\\/\\\/www.facebook.com\\\/Ecoledelanguesbe\\\/\",\"https:\\\/\\\/www.instagram.com\\\/ecoledelanguesbe\\\/\",\"https:\\\/\\\/www.linkedin.com\\\/company\\\/ecoledelangues-be\\\/\",\"https:\\\/\\\/www.youtube.com\\\/channel\\\/UCCDb1VptuozMO6q9MqgltPg\"]},{\"@type\":\"Person\",\"@id\":\"https:\\\/\\\/ecoledelangues.be\\\/fr\\\/#\\\/schema\\\/person\\\/7e6eddf631ad76d818e9868195123eb2\",\"name\":\"segolene\",\"image\":{\"@type\":\"ImageObject\",\"inLanguage\":\"fr-FR\",\"@id\":\"https:\\\/\\\/secure.gravatar.com\\\/avatar\\\/8bc405f3264e41e52e143f906cd0edd83b6e0a307e9a72d66cc81d2aec577018?s=96&d=mm&r=g\",\"url\":\"https:\\\/\\\/secure.gravatar.com\\\/avatar\\\/8bc405f3264e41e52e143f906cd0edd83b6e0a307e9a72d66cc81d2aec577018?s=96&d=mm&r=g\",\"contentUrl\":\"https:\\\/\\\/secure.gravatar.com\\\/avatar\\\/8bc405f3264e41e52e143f906cd0edd83b6e0a307e9a72d66cc81d2aec577018?s=96&d=mm&r=g\",\"caption\":\"segolene\"},\"url\":\"https:\\\/\\\/ecoledelangues.be\\\/fr\\\/author\\\/segolene\\\/\"}]}<\/script>\n<!-- \/ Yoast SEO plugin. -->","yoast_head_json":{"title":"Les jeunes et l'anglais sur les r\u00e9seaux sociaux -","description":"Connaissez-vous la signification de toutes les expressions et abr\u00e9viations en anglais que les jeunes utilisent? Let\u2019s see, shall we?","robots":{"index":"index","follow":"follow","max-snippet":"max-snippet:-1","max-image-preview":"max-image-preview:large","max-video-preview":"max-video-preview:-1"},"canonical":"https:\/\/ecoledelangues.be\/fr\/jeunes-et-langais-sur-les-reseaux-sociaux\/","og_locale":"fr_FR","og_type":"article","og_title":"Les jeunes et l'anglais sur les r\u00e9seaux sociaux -","og_description":"Connaissez-vous la signification de toutes les expressions et abr\u00e9viations en anglais que les jeunes utilisent? Let\u2019s see, shall we?","og_url":"https:\/\/ecoledelangues.be\/fr\/jeunes-et-langais-sur-les-reseaux-sociaux\/","og_site_name":"EcoleDeLangues.be","article_publisher":"https:\/\/www.facebook.com\/Ecoledelanguesbe\/","article_published_time":"2022-04-01T14:37:21+00:00","article_modified_time":"2022-04-14T12:36:33+00:00","og_image":[{"width":1125,"height":757,"url":"https:\/\/ecoledelangues.be\/wp-content\/uploads\/2022\/04\/ngl.jpeg","type":"image\/jpeg"}],"author":"segolene","twitter_card":"summary_large_image","twitter_image":"https:\/\/ecoledelangues.be\/wp-content\/uploads\/2022\/04\/spill-the-te.jpeg","twitter_misc":{"\u00c9crit par":"segolene","Dur\u00e9e de lecture estim\u00e9e":"8 minutes"},"schema":{"@context":"https:\/\/schema.org","@graph":[{"@type":"Article","@id":"https:\/\/ecoledelangues.be\/fr\/jeunes-et-langais-sur-les-reseaux-sociaux\/#article","isPartOf":{"@id":"https:\/\/ecoledelangues.be\/fr\/jeunes-et-langais-sur-les-reseaux-sociaux\/"},"author":{"name":"segolene","@id":"https:\/\/ecoledelangues.be\/fr\/#\/schema\/person\/7e6eddf631ad76d818e9868195123eb2"},"headline":"Les jeunes et l&rsquo;anglais sur les r\u00e9seaux sociaux","datePublished":"2022-04-01T14:37:21+00:00","dateModified":"2022-04-14T12:36:33+00:00","mainEntityOfPage":{"@id":"https:\/\/ecoledelangues.be\/fr\/jeunes-et-langais-sur-les-reseaux-sociaux\/"},"wordCount":4655,"commentCount":0,"publisher":{"@id":"https:\/\/ecoledelangues.be\/fr\/#organization"},"image":{"@id":"https:\/\/ecoledelangues.be\/fr\/jeunes-et-langais-sur-les-reseaux-sociaux\/#primaryimage"},"thumbnailUrl":"https:\/\/ecoledelangues.be\/wp-content\/uploads\/2022\/04\/Sans-titre13.png","articleSection":["Apprentissage des langues"],"inLanguage":"fr-FR","potentialAction":[{"@type":"CommentAction","name":"Comment","target":["https:\/\/ecoledelangues.be\/fr\/jeunes-et-langais-sur-les-reseaux-sociaux\/#respond"]}]},{"@type":"WebPage","@id":"https:\/\/ecoledelangues.be\/fr\/jeunes-et-langais-sur-les-reseaux-sociaux\/","url":"https:\/\/ecoledelangues.be\/fr\/jeunes-et-langais-sur-les-reseaux-sociaux\/","name":"Les jeunes et l'anglais sur les r\u00e9seaux sociaux -","isPartOf":{"@id":"https:\/\/ecoledelangues.be\/fr\/#website"},"primaryImageOfPage":{"@id":"https:\/\/ecoledelangues.be\/fr\/jeunes-et-langais-sur-les-reseaux-sociaux\/#primaryimage"},"image":{"@id":"https:\/\/ecoledelangues.be\/fr\/jeunes-et-langais-sur-les-reseaux-sociaux\/#primaryimage"},"thumbnailUrl":"https:\/\/ecoledelangues.be\/wp-content\/uploads\/2022\/04\/Sans-titre13.png","datePublished":"2022-04-01T14:37:21+00:00","dateModified":"2022-04-14T12:36:33+00:00","description":"Connaissez-vous la signification de toutes les expressions et abr\u00e9viations en anglais que les jeunes utilisent? Let\u2019s see, shall we?","breadcrumb":{"@id":"https:\/\/ecoledelangues.be\/fr\/jeunes-et-langais-sur-les-reseaux-sociaux\/#breadcrumb"},"inLanguage":"fr-FR","potentialAction":[{"@type":"ReadAction","target":["https:\/\/ecoledelangues.be\/fr\/jeunes-et-langais-sur-les-reseaux-sociaux\/"]}]},{"@type":"ImageObject","inLanguage":"fr-FR","@id":"https:\/\/ecoledelangues.be\/fr\/jeunes-et-langais-sur-les-reseaux-sociaux\/#primaryimage","url":"https:\/\/ecoledelangues.be\/wp-content\/uploads\/2022\/04\/Sans-titre13.png","contentUrl":"https:\/\/ecoledelangues.be\/wp-content\/uploads\/2022\/04\/Sans-titre13.png","width":1080,"height":1080,"caption":"Des ados sur leur t\u00e9l\u00e9phone"},{"@type":"BreadcrumbList","@id":"https:\/\/ecoledelangues.be\/fr\/jeunes-et-langais-sur-les-reseaux-sociaux\/#breadcrumb","itemListElement":[{"@type":"ListItem","position":1,"name":"Home","item":"https:\/\/ecoledelangues.be\/fr\/"},{"@type":"ListItem","position":2,"name":"Les jeunes et l&#8217;anglais sur les r\u00e9seaux sociaux"}]},{"@type":"WebSite","@id":"https:\/\/ecoledelangues.be\/fr\/#website","url":"https:\/\/ecoledelangues.be\/fr\/","name":"EcoleDeLangues.be","description":"Ecole de langues - cours pour enfants ados et adultes - fran\u00e7ais anglais n\u00e9erlandais","publisher":{"@id":"https:\/\/ecoledelangues.be\/fr\/#organization"},"potentialAction":[{"@type":"SearchAction","target":{"@type":"EntryPoint","urlTemplate":"https:\/\/ecoledelangues.be\/fr\/?s={search_term_string}"},"query-input":{"@type":"PropertyValueSpecification","valueRequired":true,"valueName":"search_term_string"}}],"inLanguage":"fr-FR"},{"@type":"Organization","@id":"https:\/\/ecoledelangues.be\/fr\/#organization","name":"Ecoledelangues.be","alternateName":"Propulse ASBL","url":"https:\/\/ecoledelangues.be\/fr\/","logo":{"@type":"ImageObject","inLanguage":"fr-FR","@id":"https:\/\/ecoledelangues.be\/fr\/#\/schema\/logo\/image\/","url":"https:\/\/ecoledelangues.be\/wp-content\/uploads\/2025\/04\/une-monggolfiere-qui-seleve-dans-le-ciel-qui-quitte-le-sol-couleur-du-ballon-_-orange-ff6e22-et-3cccd6-et-blanc-1.jpg","contentUrl":"https:\/\/ecoledelangues.be\/wp-content\/uploads\/2025\/04\/une-monggolfiere-qui-seleve-dans-le-ciel-qui-quitte-le-sol-couleur-du-ballon-_-orange-ff6e22-et-3cccd6-et-blanc-1.jpg","width":1472,"height":832,"caption":"Ecoledelangues.be"},"image":{"@id":"https:\/\/ecoledelangues.be\/fr\/#\/schema\/logo\/image\/"},"sameAs":["https:\/\/www.facebook.com\/Ecoledelanguesbe\/","https:\/\/www.instagram.com\/ecoledelanguesbe\/","https:\/\/www.linkedin.com\/company\/ecoledelangues-be\/","https:\/\/www.youtube.com\/channel\/UCCDb1VptuozMO6q9MqgltPg"]},{"@type":"Person","@id":"https:\/\/ecoledelangues.be\/fr\/#\/schema\/person\/7e6eddf631ad76d818e9868195123eb2","name":"segolene","image":{"@type":"ImageObject","inLanguage":"fr-FR","@id":"https:\/\/secure.gravatar.com\/avatar\/8bc405f3264e41e52e143f906cd0edd83b6e0a307e9a72d66cc81d2aec577018?s=96&d=mm&r=g","url":"https:\/\/secure.gravatar.com\/avatar\/8bc405f3264e41e52e143f906cd0edd83b6e0a307e9a72d66cc81d2aec577018?s=96&d=mm&r=g","contentUrl":"https:\/\/secure.gravatar.com\/avatar\/8bc405f3264e41e52e143f906cd0edd83b6e0a307e9a72d66cc81d2aec577018?s=96&d=mm&r=g","caption":"segolene"},"url":"https:\/\/ecoledelangues.be\/fr\/author\/segolene\/"}]}},"_links":{"self":[{"href":"https:\/\/ecoledelangues.be\/fr\/wp-json\/wp\/v2\/posts\/39550","targetHints":{"allow":["GET"]}}],"collection":[{"href":"https:\/\/ecoledelangues.be\/fr\/wp-json\/wp\/v2\/posts"}],"about":[{"href":"https:\/\/ecoledelangues.be\/fr\/wp-json\/wp\/v2\/types\/post"}],"author":[{"embeddable":true,"href":"https:\/\/ecoledelangues.be\/fr\/wp-json\/wp\/v2\/users\/2"}],"replies":[{"embeddable":true,"href":"https:\/\/ecoledelangues.be\/fr\/wp-json\/wp\/v2\/comments?post=39550"}],"version-history":[{"count":25,"href":"https:\/\/ecoledelangues.be\/fr\/wp-json\/wp\/v2\/posts\/39550\/revisions"}],"predecessor-version":[{"id":39669,"href":"https:\/\/ecoledelangues.be\/fr\/wp-json\/wp\/v2\/posts\/39550\/revisions\/39669"}],"wp:featuredmedia":[{"embeddable":true,"href":"https:\/\/ecoledelangues.be\/fr\/wp-json\/wp\/v2\/media\/39670"}],"wp:attachment":[{"href":"https:\/\/ecoledelangues.be\/fr\/wp-json\/wp\/v2\/media?parent=39550"}],"wp:term":[{"taxonomy":"category","embeddable":true,"href":"https:\/\/ecoledelangues.be\/fr\/wp-json\/wp\/v2\/categories?post=39550"},{"taxonomy":"post_tag","embeddable":true,"href":"https:\/\/ecoledelangues.be\/fr\/wp-json\/wp\/v2\/tags?post=39550"}],"curies":[{"name":"wp","href":"https:\/\/api.w.org\/{rel}","templated":true}]}}