{"id":37704,"date":"2021-04-06T12:48:56","date_gmt":"2021-04-06T12:48:56","guid":{"rendered":"https:\/\/ecoledelangues.be\/?p=37704"},"modified":"2021-04-06T14:20:51","modified_gmt":"2021-04-06T14:20:51","slug":"heilig-ijs-ou-saints-de-glace","status":"publish","type":"post","link":"https:\/\/ecoledelangues.be\/fr\/heilig-ijs-ou-saints-de-glace\/","title":{"rendered":"Heilig Ijs ou Saints de Glaces ?"},"content":{"rendered":"<p><div class=\"fusion-fullwidth fullwidth-box fusion-builder-row-1 nonhundred-percent-fullwidth non-hundred-percent-height-scrolling\" style=\"--awb-border-radius-top-left:0px;--awb-border-radius-top-right:0px;--awb-border-radius-bottom-right:0px;--awb-border-radius-bottom-left:0px;--awb-padding-top:40px;--awb-padding-bottom:40px;--awb-background-color:rgba(255,255,255,0.86);--awb-background-image:linear-gradient(178deg, rgba(0,142,244,0.49) 15%,#ffffff 83%);--awb-flex-wrap:wrap;\" ><div class=\"fusion-builder-row fusion-row\"><div class=\"fusion-layout-column fusion_builder_column fusion-builder-column-0 fusion_builder_column_1_1 1_1 fusion-one-full fusion-column-first fusion-column-last fusion-animated\" style=\"--awb-bg-size:cover;--awb-margin-top:30px;--awb-margin-bottom:30px;\" data-animationType=\"slideInDown\" data-animationDuration=\"0.3\" data-animationOffset=\"top-into-view\"><div class=\"fusion-column-wrapper fusion-column-has-shadow fusion-flex-column-wrapper-legacy\"><div class=\"fusion-title title fusion-title-1 fusion-sep-none fusion-title-text fusion-title-size-one\" style=\"--awb-margin-top-small:0px;--awb-margin-right-small:0px;--awb-margin-bottom-small:20px;--awb-margin-left-small:0px;\"><h1 class=\"fusion-title-heading title-heading-left fusion-responsive-typography-calculated\" style=\"margin:0;--fontSize:58;line-height:0.83;\"><h1>Heilig Ijs ou Saints de Glace<\/h1><\/h1><\/div><div class=\"fusion-sep-clear\"><\/div><div class=\"fusion-separator fusion-full-width-sep\" style=\"margin-left: auto;margin-right: auto;margin-top:10px;margin-bottom:10px;width:100%;\"><\/div><div class=\"fusion-sep-clear\"><\/div><div class=\"fusion-text fusion-text-1\"><p><b>Ce matin, je parlais avec ma grand-m\u00e8re qui est anversoise. Une temp\u00eate de neige faisait rage. <span style=\"color: var(--body_typography-color); font-family: var(--body_typography-font-family); font-size: var(--body_typography-font-size); font-style: var(--body_typography-font-style,normal); letter-spacing: var(--body_typography-letter-spacing);\">Alors que le printemps \u00e9tait d\u00e9j\u00e0 bien install\u00e9, nous revoici en train de profiter d\u2019une journ\u00e9e d\u2019hiver ! Comme le temps est changeant en Belgique\u2026 <\/span><\/b><\/p>\n<p><span style=\"color: var(--body_typography-color); font-family: var(--body_typography-font-family); font-size: var(--body_typography-font-size); font-style: var(--body_typography-font-style,normal); font-weight: var(--body_typography-font-weight); letter-spacing: var(--body_typography-letter-spacing);\">Ma Grand-m\u00e8re m\u2019a expliqu\u00e9 que c\u2019\u00e9tait normal. <\/span><span style=\"color: var(--body_typography-color); font-family: var(--body_typography-font-family); font-size: var(--body_typography-font-size); font-style: var(--body_typography-font-style,normal); letter-spacing: var(--body_typography-letter-spacing);\"><b>C\u2019est le \u00ab Helik Ijs \u00bb.<\/b><\/span><\/p>\n<\/div><div class=\"fusion-clearfix\"><\/div><\/div><\/div><\/div><\/div><div class=\"fusion-fullwidth fullwidth-box fusion-builder-row-2 nonhundred-percent-fullwidth non-hundred-percent-height-scrolling\" style=\"--awb-border-radius-top-left:0px;--awb-border-radius-top-right:0px;--awb-border-radius-bottom-right:0px;--awb-border-radius-bottom-left:0px;--awb-padding-right:17px;--awb-padding-left:23px;--awb-flex-wrap:wrap;\" ><div class=\"fusion-builder-row fusion-row\"><div class=\"fusion-layout-column fusion_builder_column fusion-builder-column-1 fusion_builder_column_2_3 2_3 fusion-two-third fusion-column-first fusion-animated\" style=\"--awb-bg-size:cover;width:66.666666666667%;width:calc(66.666666666667% - ( ( 4% ) * 0.66666666666667 ) );margin-right: 4%;\" data-animationType=\"slideInLeft\" data-animationDuration=\"0.5\" data-animationOffset=\"top-into-view\"><div class=\"fusion-column-wrapper fusion-column-has-shadow fusion-flex-column-wrapper-legacy\"><div class=\"fusion-sep-clear\"><\/div><div class=\"fusion-separator fusion-full-width-sep\" style=\"margin-left: auto;margin-right: auto;margin-top:10px;margin-bottom:10px;width:100%;\"><\/div><div class=\"fusion-sep-clear\"><\/div><div class=\"fusion-text fusion-text-2 fusion-animated\" data-animationType=\"slideInLeft\" data-animationDuration=\"0.3\" data-animationOffset=\"top-into-view\"><p>Le<b> <i>Helik Ijs <\/i><\/b>? Quelle est donc cette tradition ou ce dicton que je ne connais pas ?<br \/>\nLe <i><b>heilig ijs<\/b><\/i>, <i>in het algemeen Nederlands<\/i>, c\u2019est une p\u00e9riode de l\u2019ann\u00e9e o\u00f9, durant 3 jours au printemps, la neige revient parfois nous faire un petit coucou. C\u2019est normalement cens\u00e9 se passer durant le mois de mai, mais cette ann\u00e9e nous l\u2019avons accueilli un peu plus t\u00f4t.<\/p>\n<p>Au Moyen-\u00e2ge, cette p\u00e9riode \u00e9tait traditionnellement attendue <b>le 11, 12 et 13 mai, autour des dates des f\u00eates de saint Mamert, saint Pancrace et saint Servais.<\/b> En fran\u00e7ais, on parle des Saints de glace !<\/p>\n<p>Ces saints \u00e9taient invoqu\u00e9s par les agriculteurs et jardiniers pour anticiper l&rsquo;effet d&rsquo;une baisse de la temp\u00e9rature sur les cultures, qui pouvait \u00eatre observ\u00e9e en cette p\u00e9riode. Une fois ces Saints de glace pass\u00e9s, on ne craignait plus le gel!<\/p>\n<p>Le soleil sera bient\u00f4t l\u00e0. Pas besoin d&rsquo;\u00eatre devin pour le savoir. <b>En attendant, profitons de ce moment enneig\u00e9 pour f\u00eater <a href=\"https:\/\/ecoledelangues.be\/nl\/gekke-paastradities-over-de-hele-wereld\/\">P\u00e2ques<\/a> avec ses enfants ou prendre le temps d&rsquo;une bonne tasse de caf\u00e9 au coin du feu!<\/b><\/p>\n<\/div><div class=\"fusion-clearfix\"><\/div><\/div><\/div><div class=\"fusion-layout-column fusion_builder_column fusion-builder-column-2 fusion_builder_column_1_3 1_3 fusion-one-third fusion-column-last\" style=\"--awb-padding-top:30px;--awb-padding-right:30px;--awb-padding-bottom:30px;--awb-padding-left:30px;--awb-bg-position:center center;--awb-bg-size:cover;--awb-filter:saturate(100%);--awb-filter-transition:filter 0.3s ease;--awb-filter-hover:saturate(131%);--awb-margin-top:7px;--awb-margin-bottom:7px;width:33.333333333333%;width:calc(33.333333333333% - ( ( 4% ) * 0.33333333333333 ) );\"><div class=\"fusion-column-wrapper lazyload fusion-column-has-shadow fusion-flex-column-wrapper-legacy fusion-column-has-bg-image\" data-bg-url=\"https:\/\/ecoledelangues.be\/wp-content\/uploads\/2021\/04\/Happy-Valentines-Day-23-300x300.png\" data-bg=\"https:\/\/ecoledelangues.be\/wp-content\/uploads\/2021\/04\/Happy-Valentines-Day-23-300x300.png\"><div class=\"fusion-column-content-centered\"><div class=\"fusion-column-content\"><div class=\"fusion-title title fusion-title-2 fusion-sep-none fusion-title-center fusion-title-text fusion-title-size-one fusion-animated\" style=\"--awb-text-color:#ffffff;--awb-margin-top-small:0px;--awb-margin-right-small:0px;--awb-margin-bottom-small:20px;--awb-margin-left-small:0px;\" data-animationType=\"flash\" data-animationDuration=\"0.3\" data-animationOffset=\"top-into-view\"><h1 class=\"fusion-title-heading title-heading-center fusion-responsive-typography-calculated\" style=\"margin:0;--fontSize:58;line-height:0.83;\"><h3><span style=\"color: #ffffff;\">Apprenez toujours plus avec nos cours :\u00a0<\/span><\/h3><\/h1><\/div><div class=\"fusion-sep-clear\"><\/div><div class=\"fusion-separator fusion-full-width-sep\" style=\"margin-left: auto;margin-right: auto;margin-bottom:20px;width:100%;\"><\/div><div class=\"fusion-sep-clear\"><\/div><div class=\"fusion-button-wrapper fusion-aligncenter\"><a class=\"fusion-button button-flat button-small button-default fusion-button-default button-1 fusion-button-default-span fusion-animated\" style=\"--button-border-radius-top-left:50px;--button-border-radius-top-right:50px;--button-border-radius-bottom-right:50px;--button-border-radius-bottom-left:50px;--button_text_transform:uppercase;\" data-animationType=\"bounceInLeft\" data-animationDuration=\"0.3\" data-animationOffset=\"top-into-view\" target=\"_self\" href=\"https:\/\/formationlangues.be\/fr\/contactez-nous\/\"><i class=\"fa-arrow-circle-right fas awb-button__icon awb-button__icon--default button-icon-left\" aria-hidden=\"true\"><\/i><span class=\"fusion-button-text awb-button__text awb-button__text--default\">Entreprise <\/span><\/a><\/div><div class=\"fusion-sep-clear\"><\/div><div class=\"fusion-separator fusion-full-width-sep\" style=\"margin-left: auto;margin-right: auto;margin-top:10px;margin-bottom:10px;width:100%;\"><\/div><div class=\"fusion-sep-clear\"><\/div><div class=\"fusion-sep-clear\"><\/div><div class=\"fusion-separator fusion-full-width-sep\" style=\"margin-left: auto;margin-right: auto;margin-top:10px;margin-bottom:10px;width:100%;\"><\/div><div class=\"fusion-sep-clear\"><\/div><div class=\"fusion-sep-clear\"><\/div><div class=\"fusion-separator fusion-full-width-sep\" style=\"margin-left: auto;margin-right: auto;margin-top:10px;margin-bottom:10px;width:100%;\"><\/div><div class=\"fusion-sep-clear\"><\/div><div class=\"fusion-button-wrapper fusion-aligncenter\"><a class=\"fusion-button button-flat button-small button-default fusion-button-default button-2 fusion-button-default-span fusion-animated\" style=\"--button-border-radius-top-left:50px;--button-border-radius-top-right:50px;--button-border-radius-bottom-right:50px;--button-border-radius-bottom-left:50px;--button_text_transform:uppercase;\" data-animationType=\"bounceInLeft\" data-animationDuration=\"0.3\" data-animationOffset=\"top-into-view\" target=\"_self\" href=\"https:\/\/ecoledelangues.be\/fr\/cours-de-langues-pour-adultes\/\"><i class=\"fa-arrow-circle-right fas awb-button__icon awb-button__icon--default button-icon-left\" aria-hidden=\"true\"><\/i><span class=\"fusion-button-text awb-button__text awb-button__text--default\">Adultes <\/span><\/a><\/div><\/div><\/div><div class=\"fusion-clearfix\"><\/div><\/div><\/div><\/div><\/div><div class=\"fusion-fullwidth fullwidth-box fusion-builder-row-3 nonhundred-percent-fullwidth non-hundred-percent-height-scrolling\" style=\"--awb-border-radius-top-left:0px;--awb-border-radius-top-right:0px;--awb-border-radius-bottom-right:0px;--awb-border-radius-bottom-left:0px;--awb-flex-wrap:wrap;\" ><div class=\"fusion-builder-row fusion-row\"><div class=\"fusion-layout-column fusion_builder_column fusion-builder-column-3 fusion_builder_column_1_1 1_1 fusion-one-full fusion-column-first fusion-column-last\" style=\"--awb-bg-size:cover;\"><div class=\"fusion-column-wrapper fusion-column-has-shadow fusion-flex-column-wrapper-legacy\"><div class=\"fusion-sep-clear\"><\/div><div class=\"fusion-separator fusion-full-width-sep\" style=\"margin-left: auto;margin-right: auto;margin-top:10px;margin-bottom:10px;width:100%;\"><\/div><div class=\"fusion-sep-clear\"><\/div><div class=\"fusion-sep-clear\"><\/div><div class=\"fusion-separator fusion-full-width-sep\" style=\"margin-left: auto;margin-right: auto;margin-top:10px;margin-bottom:10px;width:100%;\"><\/div><div class=\"fusion-sep-clear\"><\/div><div class=\"fusion-text fusion-text-3\"><p>Saints de glace ou Helik ijs, nos langues nationales ont \u00e9t\u00e9 fortement influenc\u00e9es par la religion et la m\u00e9t\u00e9o! Mais pas que, d\u00e9couvrez dans un nouvel article les mots que nous utilisons au quotidien qui sont influenc\u00e9s par la langue <a href=\"https:\/\/ecoledelangues.be\/fr\/mots-arabes-dans-la-langue-francaise\/\">arabe ! <\/a><\/p>\n<p>Ilona Ngamp<\/p>\n<p>Stagiaire en Marketing<\/p>\n<\/div><div class=\"fusion-clearfix\"><\/div><\/div><\/div><\/div><\/div><\/p>\n","protected":false},"excerpt":{"rendered":"","protected":false},"author":2,"featured_media":37711,"comment_status":"open","ping_status":"open","sticky":false,"template":"","format":"gallery","meta":{"footnotes":""},"categories":[770,771],"tags":[],"class_list":["post-37704","post","type-post","status-publish","format-gallery","has-post-thumbnail","hentry","category-apprentissage-des-langues-fr","category-culture-et-traditions-fr","post_format-post-format-gallery"],"yoast_head":"<!-- This site is optimized with the Yoast SEO plugin v27.5 - https:\/\/yoast.com\/product\/yoast-seo-wordpress\/ -->\n<title>Ecoledelangues.be - Heilig Ijs ou Saint de glaces ?<\/title>\n<meta name=\"description\" content=\"D&#039;o\u00f9 nous vient la croyance des saints de glace et quelles sont ses origines ? d\u00e9couvrez nos influences ! dans une nouvel article !\" \/>\n<meta name=\"robots\" content=\"index, follow, max-snippet:-1, max-image-preview:large, max-video-preview:-1\" \/>\n<link rel=\"canonical\" href=\"https:\/\/ecoledelangues.be\/fr\/heilig-ijs-ou-saints-de-glace\/\" \/>\n<meta property=\"og:locale\" content=\"fr_FR\" \/>\n<meta property=\"og:type\" content=\"article\" \/>\n<meta property=\"og:title\" content=\"Ecoledelangues.be - Heilig Ijs ou Saint de glaces ?\" \/>\n<meta property=\"og:description\" content=\"D&#039;o\u00f9 nous vient la croyance des saints de glace et quelles sont ses origines ? d\u00e9couvrez nos influences ! dans une nouvel article !\" \/>\n<meta property=\"og:url\" content=\"https:\/\/ecoledelangues.be\/fr\/heilig-ijs-ou-saints-de-glace\/\" \/>\n<meta property=\"og:site_name\" content=\"EcoleDeLangues.be\" \/>\n<meta property=\"article:publisher\" content=\"https:\/\/www.facebook.com\/Ecoledelanguesbe\/\" \/>\n<meta property=\"article:published_time\" content=\"2021-04-06T12:48:56+00:00\" \/>\n<meta property=\"article:modified_time\" content=\"2021-04-06T14:20:51+00:00\" \/>\n<meta property=\"og:image\" content=\"https:\/\/ecoledelangues.be\/wp-content\/uploads\/2021\/04\/Happy-Valentines-Day-23.png\" \/>\n\t<meta property=\"og:image:width\" content=\"1080\" \/>\n\t<meta property=\"og:image:height\" content=\"1080\" \/>\n\t<meta property=\"og:image:type\" content=\"image\/png\" \/>\n<meta name=\"author\" content=\"segolene\" \/>\n<meta name=\"twitter:card\" content=\"summary_large_image\" \/>\n<meta name=\"twitter:label1\" content=\"\u00c9crit par\" \/>\n\t<meta name=\"twitter:data1\" content=\"segolene\" \/>\n\t<meta name=\"twitter:label2\" content=\"Dur\u00e9e de lecture estim\u00e9e\" \/>\n\t<meta name=\"twitter:data2\" content=\"6 minutes\" \/>\n<script type=\"application\/ld+json\" class=\"yoast-schema-graph\">{\"@context\":\"https:\\\/\\\/schema.org\",\"@graph\":[{\"@type\":\"Article\",\"@id\":\"https:\\\/\\\/ecoledelangues.be\\\/fr\\\/heilig-ijs-ou-saints-de-glace\\\/#article\",\"isPartOf\":{\"@id\":\"https:\\\/\\\/ecoledelangues.be\\\/fr\\\/heilig-ijs-ou-saints-de-glace\\\/\"},\"author\":{\"name\":\"segolene\",\"@id\":\"https:\\\/\\\/ecoledelangues.be\\\/fr\\\/#\\\/schema\\\/person\\\/7e6eddf631ad76d818e9868195123eb2\"},\"headline\":\"Heilig Ijs ou Saints de Glaces ?\",\"datePublished\":\"2021-04-06T12:48:56+00:00\",\"dateModified\":\"2021-04-06T14:20:51+00:00\",\"mainEntityOfPage\":{\"@id\":\"https:\\\/\\\/ecoledelangues.be\\\/fr\\\/heilig-ijs-ou-saints-de-glace\\\/\"},\"wordCount\":2636,\"commentCount\":0,\"publisher\":{\"@id\":\"https:\\\/\\\/ecoledelangues.be\\\/fr\\\/#organization\"},\"image\":{\"@id\":\"https:\\\/\\\/ecoledelangues.be\\\/fr\\\/heilig-ijs-ou-saints-de-glace\\\/#primaryimage\"},\"thumbnailUrl\":\"https:\\\/\\\/ecoledelangues.be\\\/wp-content\\\/uploads\\\/2021\\\/04\\\/Happy-Valentines-Day-23.png\",\"articleSection\":[\"Apprentissage des langues\",\"Culture et Traditions\"],\"inLanguage\":\"fr-FR\",\"potentialAction\":[{\"@type\":\"CommentAction\",\"name\":\"Comment\",\"target\":[\"https:\\\/\\\/ecoledelangues.be\\\/fr\\\/heilig-ijs-ou-saints-de-glace\\\/#respond\"]}]},{\"@type\":\"WebPage\",\"@id\":\"https:\\\/\\\/ecoledelangues.be\\\/fr\\\/heilig-ijs-ou-saints-de-glace\\\/\",\"url\":\"https:\\\/\\\/ecoledelangues.be\\\/fr\\\/heilig-ijs-ou-saints-de-glace\\\/\",\"name\":\"Ecoledelangues.be - Heilig Ijs ou Saint de glaces ?\",\"isPartOf\":{\"@id\":\"https:\\\/\\\/ecoledelangues.be\\\/fr\\\/#website\"},\"primaryImageOfPage\":{\"@id\":\"https:\\\/\\\/ecoledelangues.be\\\/fr\\\/heilig-ijs-ou-saints-de-glace\\\/#primaryimage\"},\"image\":{\"@id\":\"https:\\\/\\\/ecoledelangues.be\\\/fr\\\/heilig-ijs-ou-saints-de-glace\\\/#primaryimage\"},\"thumbnailUrl\":\"https:\\\/\\\/ecoledelangues.be\\\/wp-content\\\/uploads\\\/2021\\\/04\\\/Happy-Valentines-Day-23.png\",\"datePublished\":\"2021-04-06T12:48:56+00:00\",\"dateModified\":\"2021-04-06T14:20:51+00:00\",\"description\":\"D'o\u00f9 nous vient la croyance des saints de glace et quelles sont ses origines ? d\u00e9couvrez nos influences ! dans une nouvel article !\",\"breadcrumb\":{\"@id\":\"https:\\\/\\\/ecoledelangues.be\\\/fr\\\/heilig-ijs-ou-saints-de-glace\\\/#breadcrumb\"},\"inLanguage\":\"fr-FR\",\"potentialAction\":[{\"@type\":\"ReadAction\",\"target\":[\"https:\\\/\\\/ecoledelangues.be\\\/fr\\\/heilig-ijs-ou-saints-de-glace\\\/\"]}]},{\"@type\":\"ImageObject\",\"inLanguage\":\"fr-FR\",\"@id\":\"https:\\\/\\\/ecoledelangues.be\\\/fr\\\/heilig-ijs-ou-saints-de-glace\\\/#primaryimage\",\"url\":\"https:\\\/\\\/ecoledelangues.be\\\/wp-content\\\/uploads\\\/2021\\\/04\\\/Happy-Valentines-Day-23.png\",\"contentUrl\":\"https:\\\/\\\/ecoledelangues.be\\\/wp-content\\\/uploads\\\/2021\\\/04\\\/Happy-Valentines-Day-23.png\",\"width\":1080,\"height\":1080,\"caption\":\"heilig ijs 2\"},{\"@type\":\"BreadcrumbList\",\"@id\":\"https:\\\/\\\/ecoledelangues.be\\\/fr\\\/heilig-ijs-ou-saints-de-glace\\\/#breadcrumb\",\"itemListElement\":[{\"@type\":\"ListItem\",\"position\":1,\"name\":\"Home\",\"item\":\"https:\\\/\\\/ecoledelangues.be\\\/fr\\\/\"},{\"@type\":\"ListItem\",\"position\":2,\"name\":\"Heilig Ijs ou Saints de Glaces ?\"}]},{\"@type\":\"WebSite\",\"@id\":\"https:\\\/\\\/ecoledelangues.be\\\/fr\\\/#website\",\"url\":\"https:\\\/\\\/ecoledelangues.be\\\/fr\\\/\",\"name\":\"EcoleDeLangues.be\",\"description\":\"Ecole de langues - cours pour enfants ados et adultes - fran\u00e7ais anglais n\u00e9erlandais\",\"publisher\":{\"@id\":\"https:\\\/\\\/ecoledelangues.be\\\/fr\\\/#organization\"},\"potentialAction\":[{\"@type\":\"SearchAction\",\"target\":{\"@type\":\"EntryPoint\",\"urlTemplate\":\"https:\\\/\\\/ecoledelangues.be\\\/fr\\\/?s={search_term_string}\"},\"query-input\":{\"@type\":\"PropertyValueSpecification\",\"valueRequired\":true,\"valueName\":\"search_term_string\"}}],\"inLanguage\":\"fr-FR\"},{\"@type\":\"Organization\",\"@id\":\"https:\\\/\\\/ecoledelangues.be\\\/fr\\\/#organization\",\"name\":\"Ecoledelangues.be\",\"alternateName\":\"Propulse ASBL\",\"url\":\"https:\\\/\\\/ecoledelangues.be\\\/fr\\\/\",\"logo\":{\"@type\":\"ImageObject\",\"inLanguage\":\"fr-FR\",\"@id\":\"https:\\\/\\\/ecoledelangues.be\\\/fr\\\/#\\\/schema\\\/logo\\\/image\\\/\",\"url\":\"https:\\\/\\\/ecoledelangues.be\\\/wp-content\\\/uploads\\\/2025\\\/04\\\/une-monggolfiere-qui-seleve-dans-le-ciel-qui-quitte-le-sol-couleur-du-ballon-_-orange-ff6e22-et-3cccd6-et-blanc-1.jpg\",\"contentUrl\":\"https:\\\/\\\/ecoledelangues.be\\\/wp-content\\\/uploads\\\/2025\\\/04\\\/une-monggolfiere-qui-seleve-dans-le-ciel-qui-quitte-le-sol-couleur-du-ballon-_-orange-ff6e22-et-3cccd6-et-blanc-1.jpg\",\"width\":1472,\"height\":832,\"caption\":\"Ecoledelangues.be\"},\"image\":{\"@id\":\"https:\\\/\\\/ecoledelangues.be\\\/fr\\\/#\\\/schema\\\/logo\\\/image\\\/\"},\"sameAs\":[\"https:\\\/\\\/www.facebook.com\\\/Ecoledelanguesbe\\\/\",\"https:\\\/\\\/www.instagram.com\\\/ecoledelanguesbe\\\/\",\"https:\\\/\\\/www.linkedin.com\\\/company\\\/ecoledelangues-be\\\/\",\"https:\\\/\\\/www.youtube.com\\\/channel\\\/UCCDb1VptuozMO6q9MqgltPg\"]},{\"@type\":\"Person\",\"@id\":\"https:\\\/\\\/ecoledelangues.be\\\/fr\\\/#\\\/schema\\\/person\\\/7e6eddf631ad76d818e9868195123eb2\",\"name\":\"segolene\",\"image\":{\"@type\":\"ImageObject\",\"inLanguage\":\"fr-FR\",\"@id\":\"https:\\\/\\\/secure.gravatar.com\\\/avatar\\\/8bc405f3264e41e52e143f906cd0edd83b6e0a307e9a72d66cc81d2aec577018?s=96&d=mm&r=g\",\"url\":\"https:\\\/\\\/secure.gravatar.com\\\/avatar\\\/8bc405f3264e41e52e143f906cd0edd83b6e0a307e9a72d66cc81d2aec577018?s=96&d=mm&r=g\",\"contentUrl\":\"https:\\\/\\\/secure.gravatar.com\\\/avatar\\\/8bc405f3264e41e52e143f906cd0edd83b6e0a307e9a72d66cc81d2aec577018?s=96&d=mm&r=g\",\"caption\":\"segolene\"},\"url\":\"https:\\\/\\\/ecoledelangues.be\\\/fr\\\/author\\\/segolene\\\/\"}]}<\/script>\n<!-- \/ Yoast SEO plugin. -->","yoast_head_json":{"title":"Ecoledelangues.be - Heilig Ijs ou Saint de glaces ?","description":"D'o\u00f9 nous vient la croyance des saints de glace et quelles sont ses origines ? d\u00e9couvrez nos influences ! dans une nouvel article !","robots":{"index":"index","follow":"follow","max-snippet":"max-snippet:-1","max-image-preview":"max-image-preview:large","max-video-preview":"max-video-preview:-1"},"canonical":"https:\/\/ecoledelangues.be\/fr\/heilig-ijs-ou-saints-de-glace\/","og_locale":"fr_FR","og_type":"article","og_title":"Ecoledelangues.be - Heilig Ijs ou Saint de glaces ?","og_description":"D'o\u00f9 nous vient la croyance des saints de glace et quelles sont ses origines ? d\u00e9couvrez nos influences ! dans une nouvel article !","og_url":"https:\/\/ecoledelangues.be\/fr\/heilig-ijs-ou-saints-de-glace\/","og_site_name":"EcoleDeLangues.be","article_publisher":"https:\/\/www.facebook.com\/Ecoledelanguesbe\/","article_published_time":"2021-04-06T12:48:56+00:00","article_modified_time":"2021-04-06T14:20:51+00:00","og_image":[{"width":1080,"height":1080,"url":"https:\/\/ecoledelangues.be\/wp-content\/uploads\/2021\/04\/Happy-Valentines-Day-23.png","type":"image\/png"}],"author":"segolene","twitter_card":"summary_large_image","twitter_misc":{"\u00c9crit par":"segolene","Dur\u00e9e de lecture estim\u00e9e":"6 minutes"},"schema":{"@context":"https:\/\/schema.org","@graph":[{"@type":"Article","@id":"https:\/\/ecoledelangues.be\/fr\/heilig-ijs-ou-saints-de-glace\/#article","isPartOf":{"@id":"https:\/\/ecoledelangues.be\/fr\/heilig-ijs-ou-saints-de-glace\/"},"author":{"name":"segolene","@id":"https:\/\/ecoledelangues.be\/fr\/#\/schema\/person\/7e6eddf631ad76d818e9868195123eb2"},"headline":"Heilig Ijs ou Saints de Glaces ?","datePublished":"2021-04-06T12:48:56+00:00","dateModified":"2021-04-06T14:20:51+00:00","mainEntityOfPage":{"@id":"https:\/\/ecoledelangues.be\/fr\/heilig-ijs-ou-saints-de-glace\/"},"wordCount":2636,"commentCount":0,"publisher":{"@id":"https:\/\/ecoledelangues.be\/fr\/#organization"},"image":{"@id":"https:\/\/ecoledelangues.be\/fr\/heilig-ijs-ou-saints-de-glace\/#primaryimage"},"thumbnailUrl":"https:\/\/ecoledelangues.be\/wp-content\/uploads\/2021\/04\/Happy-Valentines-Day-23.png","articleSection":["Apprentissage des langues","Culture et Traditions"],"inLanguage":"fr-FR","potentialAction":[{"@type":"CommentAction","name":"Comment","target":["https:\/\/ecoledelangues.be\/fr\/heilig-ijs-ou-saints-de-glace\/#respond"]}]},{"@type":"WebPage","@id":"https:\/\/ecoledelangues.be\/fr\/heilig-ijs-ou-saints-de-glace\/","url":"https:\/\/ecoledelangues.be\/fr\/heilig-ijs-ou-saints-de-glace\/","name":"Ecoledelangues.be - Heilig Ijs ou Saint de glaces ?","isPartOf":{"@id":"https:\/\/ecoledelangues.be\/fr\/#website"},"primaryImageOfPage":{"@id":"https:\/\/ecoledelangues.be\/fr\/heilig-ijs-ou-saints-de-glace\/#primaryimage"},"image":{"@id":"https:\/\/ecoledelangues.be\/fr\/heilig-ijs-ou-saints-de-glace\/#primaryimage"},"thumbnailUrl":"https:\/\/ecoledelangues.be\/wp-content\/uploads\/2021\/04\/Happy-Valentines-Day-23.png","datePublished":"2021-04-06T12:48:56+00:00","dateModified":"2021-04-06T14:20:51+00:00","description":"D'o\u00f9 nous vient la croyance des saints de glace et quelles sont ses origines ? d\u00e9couvrez nos influences ! dans une nouvel article !","breadcrumb":{"@id":"https:\/\/ecoledelangues.be\/fr\/heilig-ijs-ou-saints-de-glace\/#breadcrumb"},"inLanguage":"fr-FR","potentialAction":[{"@type":"ReadAction","target":["https:\/\/ecoledelangues.be\/fr\/heilig-ijs-ou-saints-de-glace\/"]}]},{"@type":"ImageObject","inLanguage":"fr-FR","@id":"https:\/\/ecoledelangues.be\/fr\/heilig-ijs-ou-saints-de-glace\/#primaryimage","url":"https:\/\/ecoledelangues.be\/wp-content\/uploads\/2021\/04\/Happy-Valentines-Day-23.png","contentUrl":"https:\/\/ecoledelangues.be\/wp-content\/uploads\/2021\/04\/Happy-Valentines-Day-23.png","width":1080,"height":1080,"caption":"heilig ijs 2"},{"@type":"BreadcrumbList","@id":"https:\/\/ecoledelangues.be\/fr\/heilig-ijs-ou-saints-de-glace\/#breadcrumb","itemListElement":[{"@type":"ListItem","position":1,"name":"Home","item":"https:\/\/ecoledelangues.be\/fr\/"},{"@type":"ListItem","position":2,"name":"Heilig Ijs ou Saints de Glaces ?"}]},{"@type":"WebSite","@id":"https:\/\/ecoledelangues.be\/fr\/#website","url":"https:\/\/ecoledelangues.be\/fr\/","name":"EcoleDeLangues.be","description":"Ecole de langues - cours pour enfants ados et adultes - fran\u00e7ais anglais n\u00e9erlandais","publisher":{"@id":"https:\/\/ecoledelangues.be\/fr\/#organization"},"potentialAction":[{"@type":"SearchAction","target":{"@type":"EntryPoint","urlTemplate":"https:\/\/ecoledelangues.be\/fr\/?s={search_term_string}"},"query-input":{"@type":"PropertyValueSpecification","valueRequired":true,"valueName":"search_term_string"}}],"inLanguage":"fr-FR"},{"@type":"Organization","@id":"https:\/\/ecoledelangues.be\/fr\/#organization","name":"Ecoledelangues.be","alternateName":"Propulse ASBL","url":"https:\/\/ecoledelangues.be\/fr\/","logo":{"@type":"ImageObject","inLanguage":"fr-FR","@id":"https:\/\/ecoledelangues.be\/fr\/#\/schema\/logo\/image\/","url":"https:\/\/ecoledelangues.be\/wp-content\/uploads\/2025\/04\/une-monggolfiere-qui-seleve-dans-le-ciel-qui-quitte-le-sol-couleur-du-ballon-_-orange-ff6e22-et-3cccd6-et-blanc-1.jpg","contentUrl":"https:\/\/ecoledelangues.be\/wp-content\/uploads\/2025\/04\/une-monggolfiere-qui-seleve-dans-le-ciel-qui-quitte-le-sol-couleur-du-ballon-_-orange-ff6e22-et-3cccd6-et-blanc-1.jpg","width":1472,"height":832,"caption":"Ecoledelangues.be"},"image":{"@id":"https:\/\/ecoledelangues.be\/fr\/#\/schema\/logo\/image\/"},"sameAs":["https:\/\/www.facebook.com\/Ecoledelanguesbe\/","https:\/\/www.instagram.com\/ecoledelanguesbe\/","https:\/\/www.linkedin.com\/company\/ecoledelangues-be\/","https:\/\/www.youtube.com\/channel\/UCCDb1VptuozMO6q9MqgltPg"]},{"@type":"Person","@id":"https:\/\/ecoledelangues.be\/fr\/#\/schema\/person\/7e6eddf631ad76d818e9868195123eb2","name":"segolene","image":{"@type":"ImageObject","inLanguage":"fr-FR","@id":"https:\/\/secure.gravatar.com\/avatar\/8bc405f3264e41e52e143f906cd0edd83b6e0a307e9a72d66cc81d2aec577018?s=96&d=mm&r=g","url":"https:\/\/secure.gravatar.com\/avatar\/8bc405f3264e41e52e143f906cd0edd83b6e0a307e9a72d66cc81d2aec577018?s=96&d=mm&r=g","contentUrl":"https:\/\/secure.gravatar.com\/avatar\/8bc405f3264e41e52e143f906cd0edd83b6e0a307e9a72d66cc81d2aec577018?s=96&d=mm&r=g","caption":"segolene"},"url":"https:\/\/ecoledelangues.be\/fr\/author\/segolene\/"}]}},"_links":{"self":[{"href":"https:\/\/ecoledelangues.be\/fr\/wp-json\/wp\/v2\/posts\/37704","targetHints":{"allow":["GET"]}}],"collection":[{"href":"https:\/\/ecoledelangues.be\/fr\/wp-json\/wp\/v2\/posts"}],"about":[{"href":"https:\/\/ecoledelangues.be\/fr\/wp-json\/wp\/v2\/types\/post"}],"author":[{"embeddable":true,"href":"https:\/\/ecoledelangues.be\/fr\/wp-json\/wp\/v2\/users\/2"}],"replies":[{"embeddable":true,"href":"https:\/\/ecoledelangues.be\/fr\/wp-json\/wp\/v2\/comments?post=37704"}],"version-history":[{"count":24,"href":"https:\/\/ecoledelangues.be\/fr\/wp-json\/wp\/v2\/posts\/37704\/revisions"}],"predecessor-version":[{"id":37743,"href":"https:\/\/ecoledelangues.be\/fr\/wp-json\/wp\/v2\/posts\/37704\/revisions\/37743"}],"wp:featuredmedia":[{"embeddable":true,"href":"https:\/\/ecoledelangues.be\/fr\/wp-json\/wp\/v2\/media\/37711"}],"wp:attachment":[{"href":"https:\/\/ecoledelangues.be\/fr\/wp-json\/wp\/v2\/media?parent=37704"}],"wp:term":[{"taxonomy":"category","embeddable":true,"href":"https:\/\/ecoledelangues.be\/fr\/wp-json\/wp\/v2\/categories?post=37704"},{"taxonomy":"post_tag","embeddable":true,"href":"https:\/\/ecoledelangues.be\/fr\/wp-json\/wp\/v2\/tags?post=37704"}],"curies":[{"name":"wp","href":"https:\/\/api.w.org\/{rel}","templated":true}]}}