{"id":35129,"date":"2020-10-08T14:26:13","date_gmt":"2020-10-08T14:26:13","guid":{"rendered":"https:\/\/ecoledelangues.be\/?p=35129"},"modified":"2020-10-16T12:30:28","modified_gmt":"2020-10-16T12:30:28","slug":"mots-arabes-dans-la-langue-francaise","status":"publish","type":"post","link":"https:\/\/ecoledelangues.be\/fr\/mots-arabes-dans-la-langue-francaise\/","title":{"rendered":"Des mots arabes en fran\u00e7ais"},"content":{"rendered":"<p><div class=\"fusion-fullwidth fullwidth-box fusion-builder-row-1 nonhundred-percent-fullwidth non-hundred-percent-height-scrolling\" style=\"--awb-border-radius-top-left:0px;--awb-border-radius-top-right:0px;--awb-border-radius-bottom-right:0px;--awb-border-radius-bottom-left:0px;--awb-padding-top:40px;--awb-padding-bottom:40px;--awb-background-color:rgba(0,120,147,0.86);--awb-background-image:linear-gradient(178deg, rgba(0,120,147,0.86) 15%,#ffffff 83%);--awb-flex-wrap:wrap;\" ><div class=\"fusion-builder-row fusion-row\"><div class=\"fusion-layout-column fusion_builder_column fusion-builder-column-0 fusion_builder_column_1_1 1_1 fusion-one-full fusion-column-first fusion-column-last fusion-animated\" style=\"--awb-bg-size:cover;--awb-margin-top:30px;--awb-margin-bottom:30px;\" data-animationType=\"slideInDown\" data-animationDuration=\"0.3\" data-animationOffset=\"top-into-view\"><div class=\"fusion-column-wrapper fusion-column-has-shadow fusion-flex-column-wrapper-legacy\"><div class=\"fusion-title title fusion-title-1 fusion-sep-none fusion-title-text fusion-title-size-one\" style=\"--awb-margin-top-small:0px;--awb-margin-right-small:0px;--awb-margin-bottom-small:20px;--awb-margin-left-small:0px;\"><h1 class=\"fusion-title-heading title-heading-left fusion-responsive-typography-calculated\" style=\"margin:0;--fontSize:58;line-height:0.83;\"><h1><span style=\"color: #ffffff;\">Des mots arabes en fran\u00e7ais<\/span><\/h1><\/h1><\/div><div class=\"fusion-clearfix\"><\/div><\/div><\/div><\/div><\/div><div class=\"fusion-fullwidth fullwidth-box fusion-builder-row-2 nonhundred-percent-fullwidth non-hundred-percent-height-scrolling\" style=\"--awb-border-radius-top-left:0px;--awb-border-radius-top-right:0px;--awb-border-radius-bottom-right:0px;--awb-border-radius-bottom-left:0px;--awb-padding-right:17px;--awb-padding-left:23px;--awb-flex-wrap:wrap;\" ><div class=\"fusion-builder-row fusion-row\"><div class=\"fusion-layout-column fusion_builder_column fusion-builder-column-1 fusion_builder_column_1_1 1_1 fusion-one-full fusion-column-first fusion-column-last fusion-animated\" style=\"--awb-bg-size:cover;\" data-animationType=\"slideInDown\" data-animationDuration=\"0.5\" data-animationOffset=\"top-into-view\"><div class=\"fusion-column-wrapper fusion-column-has-shadow fusion-flex-column-wrapper-legacy\"><div class=\"fusion-text fusion-text-1\"><p><strong><span class=\"fusion-dropcap dropcap dropcap-boxed\" style=\"--awb-border-radius:1px;--awb-background:#ff6e22;\">L<\/span><\/strong>e fran\u00e7ais est une langue riche qui se caract\u00e9rise par la diversit\u00e9 de ses expressions et de son vocabulaire. Pourtant, sans le savoir, nous utilisons r\u00e9guli\u00e8rement des mots d&rsquo;origine \u00e9trang\u00e8re et, notamment, des mots arabes en fran\u00e7ais ! Du simple <em>\u00ab <strong>caf\u00e9<\/strong> \u00bb<\/em> que nous buvons tous les jours, \u00e0 <em>\u00ab <strong>l\u2019\u00e9lixir<\/strong> \u00bb<\/em> de longue vie de nos contes pr\u00e9f\u00e9r\u00e9s, ce sont des racines orientales qui se cachent derri\u00e8re ces mots!<strong>\u00a0\u00a0<\/strong><\/p>\n<\/div><div class=\"fusion-clearfix\"><\/div><\/div><\/div><div class=\"fusion-layout-column fusion_builder_column fusion-builder-column-2 fusion_builder_column_2_3 2_3 fusion-two-third fusion-column-first fusion-animated\" style=\"--awb-bg-size:cover;width:66.666666666667%;width:calc(66.666666666667% - ( ( 4% ) * 0.66666666666667 ) );margin-right: 4%;\" data-animationType=\"slideInLeft\" data-animationDuration=\"0.5\" data-animationOffset=\"top-into-view\"><div class=\"fusion-column-wrapper fusion-column-has-shadow fusion-flex-column-wrapper-legacy\"><div class=\"fusion-text fusion-text-2 fusion-animated\" data-animationType=\"slideInLeft\" data-animationDuration=\"0.3\" data-animationOffset=\"top-into-view\"><p>Vous souhaitez augmenter le nombre de vos <strong>anecdotes<\/strong> sympas \u00e0 raconter en soir\u00e9e ? Vous aimez briller en soci\u00e9t\u00e9? Vous avez vous m\u00eame des <strong>racines dans un pays arabophone<\/strong>? Ou vous \u00eates tout simplement <strong>curieux<\/strong> de ce que la langue fran\u00e7aise comporte comme surprises ?<\/p>\n<h4>On vous a concoct\u00e9 une s\u00e9rie de vid\u00e9os qui va vous \u00e9tonner!\u00a0 Que ce soit l&rsquo;heure du <strong><em>caf\u00e9<\/em>\u00a0<\/strong>ou d&rsquo;un petit ap\u00e9ro\u00a0<em><strong>alcoolis\u00e9, <\/strong><\/em>installez-vous&#8230; vous allez \u00eatre surpris du nombre de <strong>mots d&rsquo;origine arabe dans la langue fran\u00e7aise<\/strong>!<\/h4>\n<p>&#8212;<\/p>\n<p><strong>Avec EcoleDeLangues.be, vous enrichissez vos connaissances personnelles de mani\u00e8re simple et ludique !<\/strong><\/p>\n<\/div><div class=\"fusion-clearfix\"><\/div><\/div><\/div><div class=\"fusion-layout-column fusion_builder_column fusion-builder-column-3 fusion_builder_column_1_3 1_3 fusion-one-third fusion-column-last\" style=\"--awb-padding-top:30px;--awb-padding-right:30px;--awb-padding-bottom:30px;--awb-padding-left:30px;--awb-bg-position:center center;--awb-bg-size:cover;--awb-filter:saturate(100%);--awb-filter-transition:filter 0.3s ease;--awb-filter-hover:saturate(131%);--awb-margin-top:7px;--awb-margin-bottom:7px;width:33.333333333333%;width:calc(33.333333333333% - ( ( 4% ) * 0.33333333333333 ) );\"><div class=\"fusion-column-wrapper lazyload fusion-column-has-shadow fusion-flex-column-wrapper-legacy fusion-column-has-bg-image\" data-bg-url=\"https:\/\/ecoledelangues.be\/wp-content\/uploads\/2020\/09\/EDL-MA-2.png\" data-bg=\"https:\/\/ecoledelangues.be\/wp-content\/uploads\/2020\/09\/EDL-MA-2.png\"><div class=\"fusion-column-content-centered\"><div class=\"fusion-column-content\"><div class=\"fusion-title title fusion-title-2 fusion-sep-none fusion-title-center fusion-title-text fusion-title-size-one fusion-animated\" style=\"--awb-text-color:#ffffff;--awb-margin-top-small:0px;--awb-margin-right-small:0px;--awb-margin-bottom-small:20px;--awb-margin-left-small:0px;\" data-animationType=\"flash\" data-animationDuration=\"0.3\" data-animationOffset=\"top-into-view\"><h1 class=\"fusion-title-heading title-heading-center fusion-responsive-typography-calculated\" style=\"margin:0;--fontSize:58;line-height:0.83;\"><h3><span style=\"color: #ffffff;\">Apprenez toujours plus avec nos cours :\u00a0<\/span><\/h3><\/h1><\/div><div class=\"fusion-sep-clear\"><\/div><div class=\"fusion-separator fusion-full-width-sep\" style=\"margin-left: auto;margin-right: auto;margin-bottom:20px;width:100%;\"><\/div><div class=\"fusion-sep-clear\"><\/div><div class=\"fusion-button-wrapper fusion-aligncenter\"><a class=\"fusion-button button-flat button-small button-default fusion-button-default button-1 fusion-button-default-span fusion-animated\" style=\"--button-border-radius-top-left:50px;--button-border-radius-top-right:50px;--button-border-radius-bottom-right:50px;--button-border-radius-bottom-left:50px;--button_text_transform:uppercase;\" data-animationType=\"bounceInLeft\" data-animationDuration=\"0.3\" data-animationOffset=\"top-into-view\" target=\"_self\" href=\"https:\/\/ecoledelangues.be\/fr\/cours-de-langue-pour-enfants\/\"><i class=\"fa-arrow-circle-right fas awb-button__icon awb-button__icon--default button-icon-left\" aria-hidden=\"true\"><\/i><span class=\"fusion-button-text awb-button__text awb-button__text--default\">Enfants (4-11 ans)<\/span><\/a><\/div><div class=\"fusion-sep-clear\"><\/div><div class=\"fusion-separator fusion-full-width-sep\" style=\"margin-left: auto;margin-right: auto;margin-top:10px;margin-bottom:10px;width:100%;\"><\/div><div class=\"fusion-sep-clear\"><\/div><div class=\"fusion-button-wrapper fusion-aligncenter\"><a class=\"fusion-button button-flat button-small button-default fusion-button-default button-2 fusion-button-default-span fusion-animated\" style=\"--button-border-radius-top-left:50px;--button-border-radius-top-right:50px;--button-border-radius-bottom-right:50px;--button-border-radius-bottom-left:50px;--button_text_transform:uppercase;\" data-animationType=\"bounceInLeft\" data-animationDuration=\"0.3\" data-animationOffset=\"top-into-view\" target=\"_self\" href=\"https:\/\/ecoledelangues.be\/fr\/cours-de-langues-pour-adolescents\/\"><i class=\"fa-arrow-circle-right fas awb-button__icon awb-button__icon--default button-icon-left\" aria-hidden=\"true\"><\/i><span class=\"fusion-button-text awb-button__text awb-button__text--default\">Ados (12-18ans)<\/span><\/a><\/div><div class=\"fusion-sep-clear\"><\/div><div class=\"fusion-separator fusion-full-width-sep\" style=\"margin-left: auto;margin-right: auto;margin-top:10px;margin-bottom:10px;width:100%;\"><\/div><div class=\"fusion-sep-clear\"><\/div><div class=\"fusion-button-wrapper fusion-aligncenter\"><a class=\"fusion-button button-flat button-small button-default fusion-button-default button-3 fusion-button-default-span fusion-animated\" style=\"--button-border-radius-top-left:50px;--button-border-radius-top-right:50px;--button-border-radius-bottom-right:50px;--button-border-radius-bottom-left:50px;--button_text_transform:uppercase;\" data-animationType=\"bounceInLeft\" data-animationDuration=\"0.3\" data-animationOffset=\"top-into-view\" target=\"_self\" href=\"https:\/\/ecoledelangues.be\/fr\/cours-de-langues-pour-adultes\/\"><i class=\"fa-arrow-circle-right fas awb-button__icon awb-button__icon--default button-icon-left\" aria-hidden=\"true\"><\/i><span class=\"fusion-button-text awb-button__text awb-button__text--default\">Adultes <\/span><\/a><\/div><\/div><\/div><div class=\"fusion-clearfix\"><\/div><\/div><\/div><\/div><\/div><div class=\"fusion-fullwidth fullwidth-box fusion-builder-row-3 nonhundred-percent-fullwidth non-hundred-percent-height-scrolling\" style=\"--awb-border-radius-top-left:0px;--awb-border-radius-top-right:0px;--awb-border-radius-bottom-right:0px;--awb-border-radius-bottom-left:0px;--awb-flex-wrap:wrap;\" ><div class=\"fusion-builder-row fusion-row\"><div class=\"fusion-layout-column fusion_builder_column fusion-builder-column-4 fusion_builder_column_1_1 1_1 fusion-one-full fusion-column-first fusion-column-last\" style=\"--awb-bg-size:cover;\"><div class=\"fusion-column-wrapper fusion-column-has-shadow fusion-flex-column-wrapper-legacy\"><style type=\"text\/css\">.fusion-portfolio-wrapper#fusion-portfolio-1 .fusion-portfolio-content{ padding: 25px 25px 25px 25px; text-align: left; }<\/style><div class=\"fusion-recent-works fusion-portfolio-element fusion-portfolio fusion-portfolio-1 fusion-portfolio-grid fusion-portfolio-paging-load-more-button fusion-portfolio-three fusion-portfolio-boxed fusion-portfolio-text fusion-portfolio-equal-heights fusion-portfolio-rollover fusion-animated\" data-id=\"-rw-1\" data-columns=\"three\" data-animationType=\"slideInDown\" data-animationDuration=\"1.0\" data-animationOffset=\"top-into-view\"><div><ul class=\"fusion-filters\" role=\"menu\" aria-label=\"Portfolio Filters\"><li role=\"presentation\" class=\"fusion-filter fusion-hidden fusion-active\"><a href=\"#\" data-filter=\".mots-arabes-dans-la-langue-francaise\" role=\"menuitem\">Mots arabes dans la langue fran\u00e7aise<\/a><\/li><\/ul><\/div><style type=\"text\/css\">.fusion-portfolio-1 .fusion-portfolio-wrapper .fusion-col-spacing{padding:4px;}<\/style><div class=\"fusion-portfolio-wrapper\" id=\"fusion-portfolio-1\" data-picturesize=\"auto\" data-pages=\"6\" style=\"margin:-4px;\"><article id=\"portfolio-1-post-37701\" class=\"fusion-portfolio-post mots-arabes-dans-la-langue-francaise fusion-col-spacing post-37701\"><div class=\"fusion-portfolio-content-wrapper\" style=\"border:1px solid #efeee8;border-bottom-width:3px;background-color:rgba(255,255,255,1);\"><span class=\"vcard rich-snippet-hidden\"><span class=\"fn\"><a href=\"https:\/\/ecoledelangues.be\/fr\/author\/segolene\/\" title=\"Articles par segolene\" rel=\"author\">segolene<\/a><\/span><\/span><span class=\"updated rich-snippet-hidden\">2021-04-12T11:13:51+00:00<\/span><div  class=\"fusion-image-wrapper\" aria-haspopup=\"true\">\n\t\t\t\t<img decoding=\"async\" width=\"500\" height=\"500\" src=\"https:\/\/ecoledelangues.be\/wp-content\/uploads\/2020\/05\/kids-and-teenagers-11-e1590413876889.png\" class=\"attachment-full size-full lazyload wp-post-image\" alt=\"\" srcset=\"data:image\/svg+xml,%3Csvg%20xmlns%3D%27http%3A%2F%2Fwww.w3.org%2F2000%2Fsvg%27%20width%3D%27500%27%20height%3D%27500%27%20viewBox%3D%270%200%20500%20500%27%3E%3Crect%20width%3D%27500%27%20height%3D%27500%27%20fill-opacity%3D%220%22%2F%3E%3C%2Fsvg%3E\" data-orig-src=\"https:\/\/ecoledelangues.be\/wp-content\/uploads\/2020\/05\/kids-and-teenagers-11-e1590413876889.png\" data-srcset=\"https:\/\/ecoledelangues.be\/wp-content\/uploads\/2020\/05\/kids-and-teenagers-11-e1590413876889-200x200.png 200w, https:\/\/ecoledelangues.be\/wp-content\/uploads\/2020\/05\/kids-and-teenagers-11-e1590413876889-400x400.png 400w, https:\/\/ecoledelangues.be\/wp-content\/uploads\/2020\/05\/kids-and-teenagers-11-e1590413876889.png 500w\" data-sizes=\"auto\" \/><div class=\"fusion-rollover\">\n\t<div class=\"fusion-rollover-content\">\n\n\t\t\t\t\t\t\t\t\t\t\t\t\t\t<a class=\"fusion-rollover-link\" href=\"https:\/\/ecoledelangues.be\/fr\/portfolio-items\/verschillen-tussen-het-nederlands-en-het-vlaams\/?portfolioCats=1367\">Verschillen tussen het Nederlands en het Vlaams<\/a>\n\t\t\t\n\t\t\t\t\t\t\t\t\n\t\t\n\t\t\t\t\t\t\t\t\n\t\t\t\t\t\t\t\t\n\t\t\n\t\t\t\t\t\t<a class=\"fusion-link-wrapper\" href=\"https:\/\/ecoledelangues.be\/fr\/portfolio-items\/verschillen-tussen-het-nederlands-en-het-vlaams\/?portfolioCats=1367\" aria-label=\"Verschillen tussen het Nederlands en het Vlaams\"><\/a>\n\t<\/div>\n<\/div>\n<\/div>\n<div class=\"fusion-portfolio-content\" style=\"background-color:rgba(255,255,255,1);\"><h2 class=\"entry-title fusion-post-title\"><a href=\"https:\/\/ecoledelangues.be\/fr\/portfolio-items\/verschillen-tussen-het-nederlands-en-het-vlaams\/?portfolioCats=1367\">Verschillen tussen het Nederlands en het Vlaams<\/a><\/h2><div class=\"fusion-content-sep sep-single sep-solid\" style=\"border-color:#e0dede;\"><\/div><div class=\"fusion-post-content\"><p> Verschillen tussen het Nederlands en het Vlaams Pascale en Eline zullen het verschil en het gebruik van Goedemiddag en Goedenamiddag, Goedemorgen en   [...]<\/p><\/div><\/div><\/div><\/article><article id=\"portfolio-1-post-35066\" class=\"fusion-portfolio-post mots-arabes-dans-la-langue-francaise fusion-col-spacing post-35066\"><div class=\"fusion-portfolio-content-wrapper\" style=\"border:1px solid #efeee8;border-bottom-width:3px;background-color:rgba(255,255,255,1);\"><span class=\"vcard rich-snippet-hidden\"><span class=\"fn\"><a href=\"https:\/\/ecoledelangues.be\/fr\/author\/segolene\/\" title=\"Articles par segolene\" rel=\"author\">segolene<\/a><\/span><\/span><span class=\"updated rich-snippet-hidden\">2020-10-12T09:15:28+00:00<\/span><div  class=\"fusion-image-wrapper\" aria-haspopup=\"true\">\n\t\t\t\t<img decoding=\"async\" width=\"940\" height=\"788\" src=\"https:\/\/ecoledelangues.be\/wp-content\/uploads\/2020\/10\/12.png\" class=\"attachment-full size-full lazyload wp-post-image\" alt=\"Hasard\" srcset=\"data:image\/svg+xml,%3Csvg%20xmlns%3D%27http%3A%2F%2Fwww.w3.org%2F2000%2Fsvg%27%20width%3D%27940%27%20height%3D%27788%27%20viewBox%3D%270%200%20940%20788%27%3E%3Crect%20width%3D%27940%27%20height%3D%27788%27%20fill-opacity%3D%220%22%2F%3E%3C%2Fsvg%3E\" data-orig-src=\"https:\/\/ecoledelangues.be\/wp-content\/uploads\/2020\/10\/12.png\" data-srcset=\"https:\/\/ecoledelangues.be\/wp-content\/uploads\/2020\/10\/12-200x168.png 200w, https:\/\/ecoledelangues.be\/wp-content\/uploads\/2020\/10\/12-400x335.png 400w, https:\/\/ecoledelangues.be\/wp-content\/uploads\/2020\/10\/12-600x503.png 600w, https:\/\/ecoledelangues.be\/wp-content\/uploads\/2020\/10\/12-800x671.png 800w, https:\/\/ecoledelangues.be\/wp-content\/uploads\/2020\/10\/12.png 940w\" data-sizes=\"auto\" \/><div class=\"fusion-rollover\">\n\t<div class=\"fusion-rollover-content\">\n\n\t\t\t\t\t\t\t\t\t\t\t\t\t\t<a class=\"fusion-rollover-link\" href=\"https:\/\/ecoledelangues.be\/fr\/portfolio-items\/lorigine-arabe-du-mot-hasard\/?portfolioCats=1367\">L&rsquo;origine arabe du mot hasard<\/a>\n\t\t\t\n\t\t\t\t\t\t\t\t\n\t\t\n\t\t\t\t\t\t\t\t\n\t\t\t\t\t\t\t\t\n\t\t\n\t\t\t\t\t\t<a class=\"fusion-link-wrapper\" href=\"https:\/\/ecoledelangues.be\/fr\/portfolio-items\/lorigine-arabe-du-mot-hasard\/?portfolioCats=1367\" aria-label=\"L&rsquo;origine arabe du mot hasard\"><\/a>\n\t<\/div>\n<\/div>\n<\/div>\n<div class=\"fusion-portfolio-content\" style=\"background-color:rgba(255,255,255,1);\"><h2 class=\"entry-title fusion-post-title\"><a href=\"https:\/\/ecoledelangues.be\/fr\/portfolio-items\/lorigine-arabe-du-mot-hasard\/?portfolioCats=1367\">L&rsquo;origine arabe du mot hasard<\/a><\/h2><div class=\"fusion-content-sep sep-single sep-solid\" style=\"border-color:#e0dede;\"><\/div><div class=\"fusion-post-content\"><p>De ah-zahr \u00e0 hasard  \"Le hasard fait parfois bien les choses\", expression tr\u00e8s populaire en fran\u00e7ais.     Et si   [...]<\/p><\/div><\/div><\/div><\/article><article id=\"portfolio-1-post-35070\" class=\"fusion-portfolio-post mots-arabes-dans-la-langue-francaise fusion-col-spacing post-35070\"><div class=\"fusion-portfolio-content-wrapper\" style=\"border:1px solid #efeee8;border-bottom-width:3px;background-color:rgba(255,255,255,1);\"><span class=\"vcard rich-snippet-hidden\"><span class=\"fn\"><a href=\"https:\/\/ecoledelangues.be\/fr\/author\/segolene\/\" title=\"Articles par segolene\" rel=\"author\">segolene<\/a><\/span><\/span><span class=\"updated rich-snippet-hidden\">2020-10-12T09:16:20+00:00<\/span><div  class=\"fusion-image-wrapper\" aria-haspopup=\"true\">\n\t\t\t\t<img decoding=\"async\" width=\"940\" height=\"788\" src=\"https:\/\/ecoledelangues.be\/wp-content\/uploads\/2020\/10\/13.png\" class=\"attachment-full size-full lazyload wp-post-image\" alt=\"toubib\" srcset=\"data:image\/svg+xml,%3Csvg%20xmlns%3D%27http%3A%2F%2Fwww.w3.org%2F2000%2Fsvg%27%20width%3D%27940%27%20height%3D%27788%27%20viewBox%3D%270%200%20940%20788%27%3E%3Crect%20width%3D%27940%27%20height%3D%27788%27%20fill-opacity%3D%220%22%2F%3E%3C%2Fsvg%3E\" data-orig-src=\"https:\/\/ecoledelangues.be\/wp-content\/uploads\/2020\/10\/13.png\" data-srcset=\"https:\/\/ecoledelangues.be\/wp-content\/uploads\/2020\/10\/13-200x168.png 200w, https:\/\/ecoledelangues.be\/wp-content\/uploads\/2020\/10\/13-400x335.png 400w, https:\/\/ecoledelangues.be\/wp-content\/uploads\/2020\/10\/13-600x503.png 600w, https:\/\/ecoledelangues.be\/wp-content\/uploads\/2020\/10\/13-800x671.png 800w, https:\/\/ecoledelangues.be\/wp-content\/uploads\/2020\/10\/13.png 940w\" data-sizes=\"auto\" \/><div class=\"fusion-rollover\">\n\t<div class=\"fusion-rollover-content\">\n\n\t\t\t\t\t\t\t\t\t\t\t\t\t\t<a class=\"fusion-rollover-link\" href=\"https:\/\/ecoledelangues.be\/fr\/portfolio-items\/lorigine-arabe-du-mot-toubib\/?portfolioCats=1367\">L&rsquo;origine arabe du mot toubib<\/a>\n\t\t\t\n\t\t\t\t\t\t\t\t\n\t\t\n\t\t\t\t\t\t\t\t\n\t\t\t\t\t\t\t\t\n\t\t\n\t\t\t\t\t\t<a class=\"fusion-link-wrapper\" href=\"https:\/\/ecoledelangues.be\/fr\/portfolio-items\/lorigine-arabe-du-mot-toubib\/?portfolioCats=1367\" aria-label=\"L&rsquo;origine arabe du mot toubib\"><\/a>\n\t<\/div>\n<\/div>\n<\/div>\n<div class=\"fusion-portfolio-content\" style=\"background-color:rgba(255,255,255,1);\"><h2 class=\"entry-title fusion-post-title\"><a href=\"https:\/\/ecoledelangues.be\/fr\/portfolio-items\/lorigine-arabe-du-mot-toubib\/?portfolioCats=1367\">L&rsquo;origine arabe du mot toubib<\/a><\/h2><div class=\"fusion-content-sep sep-single sep-solid\" style=\"border-color:#e0dede;\"><\/div><div class=\"fusion-post-content\"><p>De tbib ? tabib ? \u00e0 toubib  \"Toubib\" \u00e0 ne pas confondre avec le mot \"toubab\" qui lui d\u00e9signe une personne europ\u00e9enne   [...]<\/p><\/div><\/div><\/div><\/article><\/div><button class=\"fusion-load-more-button fusion-portfolio-button fusion-clearfix\">Load More Posts<\/button><div class=\"fusion-infinite-scroll-trigger\"><\/div><div class=\"pagination infinite-scroll clearfix\" style=\"display:none;\"><span class=\"current\">1<\/span><a href=\"https:\/\/ecoledelangues.be\/fr\/wp-json\/wp\/v2\/posts\/35129\/page\/2\/\" class=\"inactive\">2<\/a><a class=\"pagination-next\" rel=\"next\" href=\"https:\/\/ecoledelangues.be\/fr\/wp-json\/wp\/v2\/posts\/35129\/page\/2\/\"><span class=\"page-text\">Suivant<\/span><span class=\"page-next\"><\/span><\/a><\/div><div class=\"fusion-clearfix\"><\/div><\/div><div class=\"fusion-clearfix\"><\/div><\/div><\/div><\/div><\/div><div class=\"fusion-fullwidth fullwidth-box fusion-builder-row-4 hundred-percent-fullwidth non-hundred-percent-height-scrolling\" style=\"--awb-border-radius-top-left:0px;--awb-border-radius-top-right:0px;--awb-border-radius-bottom-right:0px;--awb-border-radius-bottom-left:0px;--awb-flex-wrap:wrap;\" ><div class=\"fusion-builder-row fusion-row\"><div class=\"fusion-layout-column fusion_builder_column fusion-builder-column-5 fusion_builder_column_1_4 1_4 fusion-one-fourth fusion-column-first\" style=\"--awb-bg-size:cover;width:25%;width:calc(25% - ( ( 4% ) * 0.25 ) );margin-right: 4%;\"><div class=\"fusion-column-wrapper fusion-column-has-shadow fusion-flex-column-wrapper-legacy\"><div class=\"fusion-clearfix\"><\/div><\/div><\/div><div class=\"fusion-layout-column fusion_builder_column fusion-builder-column-6 fusion_builder_column_3_5 3_5 fusion-three-fifth fusion-column-last\" style=\"--awb-bg-size:cover;width:60%;width:calc(60% - ( ( 4% ) * 0.6 ) );\"><div class=\"fusion-column-wrapper fusion-column-has-shadow fusion-flex-column-wrapper-legacy\"><div class=\"fusion-text fusion-text-3\"><p style=\"text-align: left;\">\u00a0 \u00a0 \u00a0 \u00a0 \u00a0 \u00a0 \u00a0 \u00a0 \u00a0 \u00a0 \u00a0 \u00a0 \u00a0 \u00a0 \u00a0 \u00a0 \u00a0 \u00a0 <strong>Essayez notre petit quiz pour tester vos connaissances !<\/strong><\/p>\n<\/div><iframe src=\"https:\/\/docs.google.com\/forms\/d\/e\/1FAIpQLScAfuqHUKBhoGd0rduCfhUtTBHLt0TxTr4wVMZCHQHmDrvk6A\/viewform?embedded=true\" width=\"640\" height=\"1706\" frameborder=\"0\" marginheight=\"0\" marginwidth=\"0\">Chargement\u2026<\/iframe><div class=\"fusion-clearfix\"><\/div><\/div><\/div><\/div><\/div><\/p>\n","protected":false},"excerpt":{"rendered":"","protected":false},"author":2,"featured_media":35002,"comment_status":"open","ping_status":"open","sticky":false,"template":"","format":"gallery","meta":{"footnotes":""},"categories":[770,771],"tags":[],"class_list":["post-35129","post","type-post","status-publish","format-gallery","has-post-thumbnail","hentry","category-apprentissage-des-langues-fr","category-culture-et-traditions-fr","post_format-post-format-gallery"],"yoast_head":"<!-- This site is optimized with the Yoast SEO plugin v27.5 - https:\/\/yoast.com\/product\/yoast-seo-wordpress\/ -->\n<title>Mots arabes en fran\u00e7ais \u00e0 d\u00e9courvrir avec EcoleDeLangues.be<\/title>\n<meta name=\"description\" content=\"Quels sont ces mots arabes en fran\u00e7ais ? Retrouvez nos vid\u00e9os pour d\u00e9couvrir les mots arabes dans la langue fran\u00e7aise en image!\" \/>\n<meta name=\"robots\" content=\"index, follow, max-snippet:-1, max-image-preview:large, max-video-preview:-1\" \/>\n<link rel=\"canonical\" href=\"https:\/\/ecoledelangues.be\/fr\/mots-arabes-dans-la-langue-francaise\/\" \/>\n<meta property=\"og:locale\" content=\"fr_FR\" \/>\n<meta property=\"og:type\" content=\"article\" \/>\n<meta property=\"og:title\" content=\"Mots arabes en fran\u00e7ais \u00e0 d\u00e9courvrir avec EcoleDeLangues.be\" \/>\n<meta property=\"og:description\" content=\"Quels sont ces mots arabes en fran\u00e7ais ? Retrouvez nos vid\u00e9os pour d\u00e9couvrir les mots arabes dans la langue fran\u00e7aise en image!\" \/>\n<meta property=\"og:url\" content=\"https:\/\/ecoledelangues.be\/fr\/mots-arabes-dans-la-langue-francaise\/\" \/>\n<meta property=\"og:site_name\" content=\"EcoleDeLangues.be\" \/>\n<meta property=\"article:publisher\" content=\"https:\/\/www.facebook.com\/Ecoledelanguesbe\/\" \/>\n<meta property=\"article:published_time\" content=\"2020-10-08T14:26:13+00:00\" \/>\n<meta property=\"article:modified_time\" content=\"2020-10-16T12:30:28+00:00\" \/>\n<meta property=\"og:image\" content=\"https:\/\/ecoledelangues.be\/wp-content\/uploads\/2020\/09\/EDL-MA-2.png\" \/>\n\t<meta property=\"og:image:width\" content=\"1080\" \/>\n\t<meta property=\"og:image:height\" content=\"1080\" \/>\n\t<meta property=\"og:image:type\" content=\"image\/png\" \/>\n<meta name=\"author\" content=\"segolene\" \/>\n<meta name=\"twitter:card\" content=\"summary_large_image\" \/>\n<meta name=\"twitter:label1\" content=\"\u00c9crit par\" \/>\n\t<meta name=\"twitter:data1\" content=\"segolene\" \/>\n\t<meta name=\"twitter:label2\" content=\"Dur\u00e9e de lecture estim\u00e9e\" \/>\n\t<meta name=\"twitter:data2\" content=\"15 minutes\" \/>\n<script type=\"application\/ld+json\" class=\"yoast-schema-graph\">{\"@context\":\"https:\\\/\\\/schema.org\",\"@graph\":[{\"@type\":\"Article\",\"@id\":\"https:\\\/\\\/ecoledelangues.be\\\/fr\\\/mots-arabes-dans-la-langue-francaise\\\/#article\",\"isPartOf\":{\"@id\":\"https:\\\/\\\/ecoledelangues.be\\\/fr\\\/mots-arabes-dans-la-langue-francaise\\\/\"},\"author\":{\"name\":\"segolene\",\"@id\":\"https:\\\/\\\/ecoledelangues.be\\\/fr\\\/#\\\/schema\\\/person\\\/7e6eddf631ad76d818e9868195123eb2\"},\"headline\":\"Des mots arabes en fran\u00e7ais\",\"datePublished\":\"2020-10-08T14:26:13+00:00\",\"dateModified\":\"2020-10-16T12:30:28+00:00\",\"mainEntityOfPage\":{\"@id\":\"https:\\\/\\\/ecoledelangues.be\\\/fr\\\/mots-arabes-dans-la-langue-francaise\\\/\"},\"wordCount\":2999,\"commentCount\":0,\"publisher\":{\"@id\":\"https:\\\/\\\/ecoledelangues.be\\\/fr\\\/#organization\"},\"image\":{\"@id\":\"https:\\\/\\\/ecoledelangues.be\\\/fr\\\/mots-arabes-dans-la-langue-francaise\\\/#primaryimage\"},\"thumbnailUrl\":\"https:\\\/\\\/ecoledelangues.be\\\/wp-content\\\/uploads\\\/2020\\\/09\\\/EDL-MA-2.png\",\"articleSection\":[\"Apprentissage des langues\",\"Culture et Traditions\"],\"inLanguage\":\"fr-FR\",\"potentialAction\":[{\"@type\":\"CommentAction\",\"name\":\"Comment\",\"target\":[\"https:\\\/\\\/ecoledelangues.be\\\/fr\\\/mots-arabes-dans-la-langue-francaise\\\/#respond\"]}]},{\"@type\":\"WebPage\",\"@id\":\"https:\\\/\\\/ecoledelangues.be\\\/fr\\\/mots-arabes-dans-la-langue-francaise\\\/\",\"url\":\"https:\\\/\\\/ecoledelangues.be\\\/fr\\\/mots-arabes-dans-la-langue-francaise\\\/\",\"name\":\"Mots arabes en fran\u00e7ais \u00e0 d\u00e9courvrir avec EcoleDeLangues.be\",\"isPartOf\":{\"@id\":\"https:\\\/\\\/ecoledelangues.be\\\/fr\\\/#website\"},\"primaryImageOfPage\":{\"@id\":\"https:\\\/\\\/ecoledelangues.be\\\/fr\\\/mots-arabes-dans-la-langue-francaise\\\/#primaryimage\"},\"image\":{\"@id\":\"https:\\\/\\\/ecoledelangues.be\\\/fr\\\/mots-arabes-dans-la-langue-francaise\\\/#primaryimage\"},\"thumbnailUrl\":\"https:\\\/\\\/ecoledelangues.be\\\/wp-content\\\/uploads\\\/2020\\\/09\\\/EDL-MA-2.png\",\"datePublished\":\"2020-10-08T14:26:13+00:00\",\"dateModified\":\"2020-10-16T12:30:28+00:00\",\"description\":\"Quels sont ces mots arabes en fran\u00e7ais ? Retrouvez nos vid\u00e9os pour d\u00e9couvrir les mots arabes dans la langue fran\u00e7aise en image!\",\"breadcrumb\":{\"@id\":\"https:\\\/\\\/ecoledelangues.be\\\/fr\\\/mots-arabes-dans-la-langue-francaise\\\/#breadcrumb\"},\"inLanguage\":\"fr-FR\",\"potentialAction\":[{\"@type\":\"ReadAction\",\"target\":[\"https:\\\/\\\/ecoledelangues.be\\\/fr\\\/mots-arabes-dans-la-langue-francaise\\\/\"]}]},{\"@type\":\"ImageObject\",\"inLanguage\":\"fr-FR\",\"@id\":\"https:\\\/\\\/ecoledelangues.be\\\/fr\\\/mots-arabes-dans-la-langue-francaise\\\/#primaryimage\",\"url\":\"https:\\\/\\\/ecoledelangues.be\\\/wp-content\\\/uploads\\\/2020\\\/09\\\/EDL-MA-2.png\",\"contentUrl\":\"https:\\\/\\\/ecoledelangues.be\\\/wp-content\\\/uploads\\\/2020\\\/09\\\/EDL-MA-2.png\",\"width\":1080,\"height\":1080,\"caption\":\"Mots arabes dans la langue fran\u00e7aise\"},{\"@type\":\"BreadcrumbList\",\"@id\":\"https:\\\/\\\/ecoledelangues.be\\\/fr\\\/mots-arabes-dans-la-langue-francaise\\\/#breadcrumb\",\"itemListElement\":[{\"@type\":\"ListItem\",\"position\":1,\"name\":\"Home\",\"item\":\"https:\\\/\\\/ecoledelangues.be\\\/fr\\\/\"},{\"@type\":\"ListItem\",\"position\":2,\"name\":\"Des mots arabes en fran\u00e7ais\"}]},{\"@type\":\"WebSite\",\"@id\":\"https:\\\/\\\/ecoledelangues.be\\\/fr\\\/#website\",\"url\":\"https:\\\/\\\/ecoledelangues.be\\\/fr\\\/\",\"name\":\"EcoleDeLangues.be\",\"description\":\"Ecole de langues - cours pour enfants ados et adultes - fran\u00e7ais anglais n\u00e9erlandais\",\"publisher\":{\"@id\":\"https:\\\/\\\/ecoledelangues.be\\\/fr\\\/#organization\"},\"potentialAction\":[{\"@type\":\"SearchAction\",\"target\":{\"@type\":\"EntryPoint\",\"urlTemplate\":\"https:\\\/\\\/ecoledelangues.be\\\/fr\\\/?s={search_term_string}\"},\"query-input\":{\"@type\":\"PropertyValueSpecification\",\"valueRequired\":true,\"valueName\":\"search_term_string\"}}],\"inLanguage\":\"fr-FR\"},{\"@type\":\"Organization\",\"@id\":\"https:\\\/\\\/ecoledelangues.be\\\/fr\\\/#organization\",\"name\":\"Ecoledelangues.be\",\"alternateName\":\"Propulse ASBL\",\"url\":\"https:\\\/\\\/ecoledelangues.be\\\/fr\\\/\",\"logo\":{\"@type\":\"ImageObject\",\"inLanguage\":\"fr-FR\",\"@id\":\"https:\\\/\\\/ecoledelangues.be\\\/fr\\\/#\\\/schema\\\/logo\\\/image\\\/\",\"url\":\"https:\\\/\\\/ecoledelangues.be\\\/wp-content\\\/uploads\\\/2025\\\/04\\\/une-monggolfiere-qui-seleve-dans-le-ciel-qui-quitte-le-sol-couleur-du-ballon-_-orange-ff6e22-et-3cccd6-et-blanc-1.jpg\",\"contentUrl\":\"https:\\\/\\\/ecoledelangues.be\\\/wp-content\\\/uploads\\\/2025\\\/04\\\/une-monggolfiere-qui-seleve-dans-le-ciel-qui-quitte-le-sol-couleur-du-ballon-_-orange-ff6e22-et-3cccd6-et-blanc-1.jpg\",\"width\":1472,\"height\":832,\"caption\":\"Ecoledelangues.be\"},\"image\":{\"@id\":\"https:\\\/\\\/ecoledelangues.be\\\/fr\\\/#\\\/schema\\\/logo\\\/image\\\/\"},\"sameAs\":[\"https:\\\/\\\/www.facebook.com\\\/Ecoledelanguesbe\\\/\",\"https:\\\/\\\/www.instagram.com\\\/ecoledelanguesbe\\\/\",\"https:\\\/\\\/www.linkedin.com\\\/company\\\/ecoledelangues-be\\\/\",\"https:\\\/\\\/www.youtube.com\\\/channel\\\/UCCDb1VptuozMO6q9MqgltPg\"]},{\"@type\":\"Person\",\"@id\":\"https:\\\/\\\/ecoledelangues.be\\\/fr\\\/#\\\/schema\\\/person\\\/7e6eddf631ad76d818e9868195123eb2\",\"name\":\"segolene\",\"image\":{\"@type\":\"ImageObject\",\"inLanguage\":\"fr-FR\",\"@id\":\"https:\\\/\\\/secure.gravatar.com\\\/avatar\\\/8bc405f3264e41e52e143f906cd0edd83b6e0a307e9a72d66cc81d2aec577018?s=96&d=mm&r=g\",\"url\":\"https:\\\/\\\/secure.gravatar.com\\\/avatar\\\/8bc405f3264e41e52e143f906cd0edd83b6e0a307e9a72d66cc81d2aec577018?s=96&d=mm&r=g\",\"contentUrl\":\"https:\\\/\\\/secure.gravatar.com\\\/avatar\\\/8bc405f3264e41e52e143f906cd0edd83b6e0a307e9a72d66cc81d2aec577018?s=96&d=mm&r=g\",\"caption\":\"segolene\"},\"url\":\"https:\\\/\\\/ecoledelangues.be\\\/fr\\\/author\\\/segolene\\\/\"}]}<\/script>\n<!-- \/ Yoast SEO plugin. -->","yoast_head_json":{"title":"Mots arabes en fran\u00e7ais \u00e0 d\u00e9courvrir avec EcoleDeLangues.be","description":"Quels sont ces mots arabes en fran\u00e7ais ? Retrouvez nos vid\u00e9os pour d\u00e9couvrir les mots arabes dans la langue fran\u00e7aise en image!","robots":{"index":"index","follow":"follow","max-snippet":"max-snippet:-1","max-image-preview":"max-image-preview:large","max-video-preview":"max-video-preview:-1"},"canonical":"https:\/\/ecoledelangues.be\/fr\/mots-arabes-dans-la-langue-francaise\/","og_locale":"fr_FR","og_type":"article","og_title":"Mots arabes en fran\u00e7ais \u00e0 d\u00e9courvrir avec EcoleDeLangues.be","og_description":"Quels sont ces mots arabes en fran\u00e7ais ? Retrouvez nos vid\u00e9os pour d\u00e9couvrir les mots arabes dans la langue fran\u00e7aise en image!","og_url":"https:\/\/ecoledelangues.be\/fr\/mots-arabes-dans-la-langue-francaise\/","og_site_name":"EcoleDeLangues.be","article_publisher":"https:\/\/www.facebook.com\/Ecoledelanguesbe\/","article_published_time":"2020-10-08T14:26:13+00:00","article_modified_time":"2020-10-16T12:30:28+00:00","og_image":[{"width":1080,"height":1080,"url":"https:\/\/ecoledelangues.be\/wp-content\/uploads\/2020\/09\/EDL-MA-2.png","type":"image\/png"}],"author":"segolene","twitter_card":"summary_large_image","twitter_misc":{"\u00c9crit par":"segolene","Dur\u00e9e de lecture estim\u00e9e":"15 minutes"},"schema":{"@context":"https:\/\/schema.org","@graph":[{"@type":"Article","@id":"https:\/\/ecoledelangues.be\/fr\/mots-arabes-dans-la-langue-francaise\/#article","isPartOf":{"@id":"https:\/\/ecoledelangues.be\/fr\/mots-arabes-dans-la-langue-francaise\/"},"author":{"name":"segolene","@id":"https:\/\/ecoledelangues.be\/fr\/#\/schema\/person\/7e6eddf631ad76d818e9868195123eb2"},"headline":"Des mots arabes en fran\u00e7ais","datePublished":"2020-10-08T14:26:13+00:00","dateModified":"2020-10-16T12:30:28+00:00","mainEntityOfPage":{"@id":"https:\/\/ecoledelangues.be\/fr\/mots-arabes-dans-la-langue-francaise\/"},"wordCount":2999,"commentCount":0,"publisher":{"@id":"https:\/\/ecoledelangues.be\/fr\/#organization"},"image":{"@id":"https:\/\/ecoledelangues.be\/fr\/mots-arabes-dans-la-langue-francaise\/#primaryimage"},"thumbnailUrl":"https:\/\/ecoledelangues.be\/wp-content\/uploads\/2020\/09\/EDL-MA-2.png","articleSection":["Apprentissage des langues","Culture et Traditions"],"inLanguage":"fr-FR","potentialAction":[{"@type":"CommentAction","name":"Comment","target":["https:\/\/ecoledelangues.be\/fr\/mots-arabes-dans-la-langue-francaise\/#respond"]}]},{"@type":"WebPage","@id":"https:\/\/ecoledelangues.be\/fr\/mots-arabes-dans-la-langue-francaise\/","url":"https:\/\/ecoledelangues.be\/fr\/mots-arabes-dans-la-langue-francaise\/","name":"Mots arabes en fran\u00e7ais \u00e0 d\u00e9courvrir avec EcoleDeLangues.be","isPartOf":{"@id":"https:\/\/ecoledelangues.be\/fr\/#website"},"primaryImageOfPage":{"@id":"https:\/\/ecoledelangues.be\/fr\/mots-arabes-dans-la-langue-francaise\/#primaryimage"},"image":{"@id":"https:\/\/ecoledelangues.be\/fr\/mots-arabes-dans-la-langue-francaise\/#primaryimage"},"thumbnailUrl":"https:\/\/ecoledelangues.be\/wp-content\/uploads\/2020\/09\/EDL-MA-2.png","datePublished":"2020-10-08T14:26:13+00:00","dateModified":"2020-10-16T12:30:28+00:00","description":"Quels sont ces mots arabes en fran\u00e7ais ? Retrouvez nos vid\u00e9os pour d\u00e9couvrir les mots arabes dans la langue fran\u00e7aise en image!","breadcrumb":{"@id":"https:\/\/ecoledelangues.be\/fr\/mots-arabes-dans-la-langue-francaise\/#breadcrumb"},"inLanguage":"fr-FR","potentialAction":[{"@type":"ReadAction","target":["https:\/\/ecoledelangues.be\/fr\/mots-arabes-dans-la-langue-francaise\/"]}]},{"@type":"ImageObject","inLanguage":"fr-FR","@id":"https:\/\/ecoledelangues.be\/fr\/mots-arabes-dans-la-langue-francaise\/#primaryimage","url":"https:\/\/ecoledelangues.be\/wp-content\/uploads\/2020\/09\/EDL-MA-2.png","contentUrl":"https:\/\/ecoledelangues.be\/wp-content\/uploads\/2020\/09\/EDL-MA-2.png","width":1080,"height":1080,"caption":"Mots arabes dans la langue fran\u00e7aise"},{"@type":"BreadcrumbList","@id":"https:\/\/ecoledelangues.be\/fr\/mots-arabes-dans-la-langue-francaise\/#breadcrumb","itemListElement":[{"@type":"ListItem","position":1,"name":"Home","item":"https:\/\/ecoledelangues.be\/fr\/"},{"@type":"ListItem","position":2,"name":"Des mots arabes en fran\u00e7ais"}]},{"@type":"WebSite","@id":"https:\/\/ecoledelangues.be\/fr\/#website","url":"https:\/\/ecoledelangues.be\/fr\/","name":"EcoleDeLangues.be","description":"Ecole de langues - cours pour enfants ados et adultes - fran\u00e7ais anglais n\u00e9erlandais","publisher":{"@id":"https:\/\/ecoledelangues.be\/fr\/#organization"},"potentialAction":[{"@type":"SearchAction","target":{"@type":"EntryPoint","urlTemplate":"https:\/\/ecoledelangues.be\/fr\/?s={search_term_string}"},"query-input":{"@type":"PropertyValueSpecification","valueRequired":true,"valueName":"search_term_string"}}],"inLanguage":"fr-FR"},{"@type":"Organization","@id":"https:\/\/ecoledelangues.be\/fr\/#organization","name":"Ecoledelangues.be","alternateName":"Propulse ASBL","url":"https:\/\/ecoledelangues.be\/fr\/","logo":{"@type":"ImageObject","inLanguage":"fr-FR","@id":"https:\/\/ecoledelangues.be\/fr\/#\/schema\/logo\/image\/","url":"https:\/\/ecoledelangues.be\/wp-content\/uploads\/2025\/04\/une-monggolfiere-qui-seleve-dans-le-ciel-qui-quitte-le-sol-couleur-du-ballon-_-orange-ff6e22-et-3cccd6-et-blanc-1.jpg","contentUrl":"https:\/\/ecoledelangues.be\/wp-content\/uploads\/2025\/04\/une-monggolfiere-qui-seleve-dans-le-ciel-qui-quitte-le-sol-couleur-du-ballon-_-orange-ff6e22-et-3cccd6-et-blanc-1.jpg","width":1472,"height":832,"caption":"Ecoledelangues.be"},"image":{"@id":"https:\/\/ecoledelangues.be\/fr\/#\/schema\/logo\/image\/"},"sameAs":["https:\/\/www.facebook.com\/Ecoledelanguesbe\/","https:\/\/www.instagram.com\/ecoledelanguesbe\/","https:\/\/www.linkedin.com\/company\/ecoledelangues-be\/","https:\/\/www.youtube.com\/channel\/UCCDb1VptuozMO6q9MqgltPg"]},{"@type":"Person","@id":"https:\/\/ecoledelangues.be\/fr\/#\/schema\/person\/7e6eddf631ad76d818e9868195123eb2","name":"segolene","image":{"@type":"ImageObject","inLanguage":"fr-FR","@id":"https:\/\/secure.gravatar.com\/avatar\/8bc405f3264e41e52e143f906cd0edd83b6e0a307e9a72d66cc81d2aec577018?s=96&d=mm&r=g","url":"https:\/\/secure.gravatar.com\/avatar\/8bc405f3264e41e52e143f906cd0edd83b6e0a307e9a72d66cc81d2aec577018?s=96&d=mm&r=g","contentUrl":"https:\/\/secure.gravatar.com\/avatar\/8bc405f3264e41e52e143f906cd0edd83b6e0a307e9a72d66cc81d2aec577018?s=96&d=mm&r=g","caption":"segolene"},"url":"https:\/\/ecoledelangues.be\/fr\/author\/segolene\/"}]}},"_links":{"self":[{"href":"https:\/\/ecoledelangues.be\/fr\/wp-json\/wp\/v2\/posts\/35129","targetHints":{"allow":["GET"]}}],"collection":[{"href":"https:\/\/ecoledelangues.be\/fr\/wp-json\/wp\/v2\/posts"}],"about":[{"href":"https:\/\/ecoledelangues.be\/fr\/wp-json\/wp\/v2\/types\/post"}],"author":[{"embeddable":true,"href":"https:\/\/ecoledelangues.be\/fr\/wp-json\/wp\/v2\/users\/2"}],"replies":[{"embeddable":true,"href":"https:\/\/ecoledelangues.be\/fr\/wp-json\/wp\/v2\/comments?post=35129"}],"version-history":[{"count":31,"href":"https:\/\/ecoledelangues.be\/fr\/wp-json\/wp\/v2\/posts\/35129\/revisions"}],"predecessor-version":[{"id":35160,"href":"https:\/\/ecoledelangues.be\/fr\/wp-json\/wp\/v2\/posts\/35129\/revisions\/35160"}],"wp:featuredmedia":[{"embeddable":true,"href":"https:\/\/ecoledelangues.be\/fr\/wp-json\/wp\/v2\/media\/35002"}],"wp:attachment":[{"href":"https:\/\/ecoledelangues.be\/fr\/wp-json\/wp\/v2\/media?parent=35129"}],"wp:term":[{"taxonomy":"category","embeddable":true,"href":"https:\/\/ecoledelangues.be\/fr\/wp-json\/wp\/v2\/categories?post=35129"},{"taxonomy":"post_tag","embeddable":true,"href":"https:\/\/ecoledelangues.be\/fr\/wp-json\/wp\/v2\/tags?post=35129"}],"curies":[{"name":"wp","href":"https:\/\/api.w.org\/{rel}","templated":true}]}}