{"id":33723,"date":"2020-07-31T05:48:35","date_gmt":"2020-07-31T05:48:35","guid":{"rendered":"https:\/\/ecoledelangues.be\/?p=33723"},"modified":"2020-07-31T06:06:58","modified_gmt":"2020-07-31T06:06:58","slug":"un-proverbe-francais-en-rebus","status":"publish","type":"post","link":"https:\/\/ecoledelangues.be\/fr\/un-proverbe-francais-en-rebus\/","title":{"rendered":"un proverbe fran\u00e7ais en r\u00e9bus"},"content":{"rendered":"<p><div class=\"fusion-fullwidth fullwidth-box fusion-builder-row-1 nonhundred-percent-fullwidth non-hundred-percent-height-scrolling\" style=\"--awb-border-radius-top-left:0px;--awb-border-radius-top-right:0px;--awb-border-radius-bottom-right:0px;--awb-border-radius-bottom-left:0px;--awb-padding-top:40px;--awb-padding-bottom:40px;--awb-background-color:rgba(0,120,147,0.86);--awb-background-image:linear-gradient(178deg, rgba(0,120,147,0.86) 15%,#ffffff 83%);--awb-flex-wrap:wrap;\" ><div class=\"fusion-builder-row fusion-row\"><div class=\"fusion-layout-column fusion_builder_column fusion-builder-column-0 fusion_builder_column_1_1 1_1 fusion-one-full fusion-column-first fusion-column-last\" style=\"--awb-bg-size:cover;--awb-margin-top:30px;--awb-margin-bottom:30px;\"><div class=\"fusion-column-wrapper fusion-column-has-shadow fusion-flex-column-wrapper-legacy\"><div class=\"fusion-title title fusion-title-1 fusion-sep-none fusion-title-text fusion-title-size-one\" style=\"--awb-margin-top-small:0px;--awb-margin-right-small:0px;--awb-margin-bottom-small:20px;--awb-margin-left-small:0px;\"><h1 class=\"fusion-title-heading title-heading-left fusion-responsive-typography-calculated\" style=\"margin:0;--fontSize:58;line-height:0.83;\"><span style=\"color: #ffffff;\">Un proverbe fran\u00e7ais en r\u00e9bus<\/span><\/h1><\/div><div class=\"fusion-clearfix\"><\/div><\/div><\/div><\/div><\/div><div class=\"fusion-fullwidth fullwidth-box fusion-builder-row-2 nonhundred-percent-fullwidth non-hundred-percent-height-scrolling\" style=\"--awb-border-radius-top-left:0px;--awb-border-radius-top-right:0px;--awb-border-radius-bottom-right:0px;--awb-border-radius-bottom-left:0px;--awb-padding-right:17px;--awb-padding-left:23px;--awb-flex-wrap:wrap;\" ><div class=\"fusion-builder-row fusion-row\"><div class=\"fusion-layout-column fusion_builder_column fusion-builder-column-1 fusion_builder_column_1_1 1_1 fusion-one-full fusion-column-first fusion-column-last\" style=\"--awb-bg-size:cover;\"><div class=\"fusion-column-wrapper fusion-column-has-shadow fusion-flex-column-wrapper-legacy\"><div class=\"fusion-text fusion-text-1\"><p><strong><span class=\"fusion-dropcap dropcap dropcap-boxed\" style=\"--awb-border-radius:1px;--awb-background:#ff6e22;\">L<\/span>a langue fran\u00e7aise est pleine de proverbes souvent li\u00e9s \u00e0 la nature ou \u00e0 la condition humaine&#8230; \u00ab\u00a0Mieux vaut \u00eatre seul que mal accompagn\u00e9\u00a0\u00bb, \u00ab\u00a0On n&rsquo;est jamais mieux servi que par soi-m\u00eame\u00a0\u00bb, \u00ab\u00a0L&rsquo;habit ne fait pas le moine.\u00a0\u00bb \u00ab\u00a0Qui vole un \u0153uf vole un b\u0153uf.\u00a0\u00bb Et on en passe! En voici un bien de saison.\u00a0 On vous laisse chercher.\u00a0 La r\u00e9ponse se trouve en dessous!\u00a0<\/strong><\/p>\n<\/div><div class=\"fusion-clearfix\"><\/div><\/div><\/div><\/div><\/div><div class=\"fusion-fullwidth fullwidth-box fusion-builder-row-3 nonhundred-percent-fullwidth non-hundred-percent-height-scrolling\" style=\"--awb-border-radius-top-left:0px;--awb-border-radius-top-right:0px;--awb-border-radius-bottom-right:0px;--awb-border-radius-bottom-left:0px;--awb-padding-top:30px;--awb-padding-bottom:30px;--awb-background-color:rgba(0,120,147,0.86);--awb-flex-wrap:wrap;\" ><div class=\"fusion-builder-row fusion-row\"><div class=\"fusion-layout-column fusion_builder_column fusion-builder-column-2 fusion_builder_column_1_1 1_1 fusion-one-full fusion-column-first fusion-column-last fusion-animated\" style=\"--awb-padding-right:26px;--awb-bg-size:cover;\" data-animationType=\"slideInLeft\" data-animationDuration=\"0.5\" data-animationOffset=\"top-into-view\"><div class=\"fusion-column-wrapper fusion-column-has-shadow fusion-flex-column-wrapper-legacy\"><div class=\"fusion-image-element fusion-image-align-center in-legacy-container\" style=\"text-align:center;--awb-caption-title-font-family:var(--h2_typography-font-family);--awb-caption-title-font-weight:var(--h2_typography-font-weight);--awb-caption-title-font-style:var(--h2_typography-font-style);--awb-caption-title-size:var(--h2_typography-font-size);--awb-caption-title-transform:var(--h2_typography-text-transform);--awb-caption-title-line-height:var(--h2_typography-line-height);--awb-caption-title-letter-spacing:var(--h2_typography-letter-spacing);\"><div class=\"imageframe-align-center\"><span class=\" fusion-imageframe imageframe-none imageframe-1 hover-type-zoomin\"><img decoding=\"async\" width=\"756\" height=\"512\" title=\"Rebus-1\" src=\"data:image\/svg+xml,%3Csvg%20xmlns%3D%27http%3A%2F%2Fwww.w3.org%2F2000%2Fsvg%27%20width%3D%27756%27%20height%3D%27512%27%20viewBox%3D%270%200%20756%20512%27%3E%3Crect%20width%3D%27756%27%20height%3D%27512%27%20fill-opacity%3D%220%22%2F%3E%3C%2Fsvg%3E\" data-orig-src=\"https:\/\/ecoledelangues.be\/wp-content\/uploads\/2020\/07\/Rebus-1-e1596175300784.jpg\" alt class=\"lazyload img-responsive wp-image-33724\"\/><\/span><\/div><\/div><div class=\"accordian fusion-accordian\" style=\"--awb-border-size:1px;--awb-icon-size:13px;--awb-content-font-size:14px;--awb-icon-alignment:left;--awb-hover-color:#f9f9f9;--awb-border-color:#cccccc;--awb-background-color:#ffffff;--awb-divider-color:#e0dede;--awb-divider-hover-color:#e0dede;--awb-icon-color:#ffffff;--awb-title-color:#ff6e22;--awb-content-color:#50586b;--awb-icon-box-color:#f1574d;--awb-toggle-hover-accent-color:#f1574d;--awb-title-font-family:&quot;Josefin Sans&quot;;--awb-title-font-weight:700;--awb-title-font-style:normal;--awb-content-font-family:&quot;Open Sans&quot;;--awb-content-font-style:normal;--awb-content-font-weight:400;\"><div class=\"panel-group fusion-toggle-icon-boxed\" id=\"accordion-33723-1\"><div class=\"fusion-panel panel-default panel-60799fd845d0fa31d fusion-toggle-no-divider\"><div class=\"panel-heading\"><h4 class=\"panel-title toggle\" id=\"toggle_60799fd845d0fa31d\"><a aria-expanded=\"false\" aria-controls=\"60799fd845d0fa31d\" role=\"button\" data-toggle=\"collapse\" data-parent=\"#accordion-33723-1\" data-target=\"#60799fd845d0fa31d\" href=\"#60799fd845d0fa31d\"><span class=\"fusion-toggle-icon-wrapper\" aria-hidden=\"true\"><i class=\"fa-fusion-box active-icon awb-icon-minus\" aria-hidden=\"true\"><\/i><i class=\"fa-fusion-box inactive-icon awb-icon-plus\" aria-hidden=\"true\"><\/i><\/span><span class=\"fusion-toggle-heading\">La r\u00e9ponse est ici!<\/span><\/a><\/h4><\/div><div id=\"60799fd845d0fa31d\" class=\"panel-collapse collapse \" aria-labelledby=\"toggle_60799fd845d0fa31d\"><div class=\"panel-body toggle-content fusion-clearfix\">\n<p>Un nid ronde L neuf f\u00e9e pas l&rsquo;oeuf p rein taon =&gt; Une hirondelle ne fait pas le printemps!<\/p>\n<p>Vous ne connaissez pas ce joli proverbe?\u00a0 retrouvez le en vid\u00e9o en suivant ce lien: une hirondelle ne fait pas le printemps<\/p>\n<\/div><\/div><\/div><\/div><\/div><div class=\"fusion-clearfix\"><\/div><\/div><\/div><\/div><\/div><\/p>\n","protected":false},"excerpt":{"rendered":"","protected":false},"author":2,"featured_media":33724,"comment_status":"open","ping_status":"open","sticky":false,"template":"","format":"standard","meta":{"footnotes":""},"categories":[770],"tags":[],"class_list":["post-33723","post","type-post","status-publish","format-standard","has-post-thumbnail","hentry","category-apprentissage-des-langues-fr"],"yoast_head":"<!-- This site is optimized with the Yoast SEO plugin v27.5 - https:\/\/yoast.com\/product\/yoast-seo-wordpress\/ -->\n<title>un proverbe fran\u00e7ais en r\u00e9bus - EcoleDeLangues.be<\/title>\n<meta name=\"robots\" content=\"index, follow, max-snippet:-1, max-image-preview:large, max-video-preview:-1\" \/>\n<link rel=\"canonical\" href=\"https:\/\/ecoledelangues.be\/fr\/un-proverbe-francais-en-rebus\/\" \/>\n<meta property=\"og:locale\" content=\"fr_FR\" \/>\n<meta property=\"og:type\" content=\"article\" \/>\n<meta property=\"og:title\" content=\"un proverbe fran\u00e7ais en r\u00e9bus - EcoleDeLangues.be\" \/>\n<meta property=\"og:url\" content=\"https:\/\/ecoledelangues.be\/fr\/un-proverbe-francais-en-rebus\/\" \/>\n<meta property=\"og:site_name\" content=\"EcoleDeLangues.be\" \/>\n<meta property=\"article:publisher\" content=\"https:\/\/www.facebook.com\/Ecoledelanguesbe\/\" \/>\n<meta property=\"article:published_time\" content=\"2020-07-31T05:48:35+00:00\" \/>\n<meta property=\"article:modified_time\" content=\"2020-07-31T06:06:58+00:00\" \/>\n<meta property=\"og:image\" content=\"https:\/\/ecoledelangues.be\/wp-content\/uploads\/2020\/07\/Rebus-1-e1596175300784.jpg\" \/>\n\t<meta property=\"og:image:width\" content=\"756\" \/>\n\t<meta property=\"og:image:height\" content=\"512\" \/>\n\t<meta property=\"og:image:type\" content=\"image\/jpeg\" \/>\n<meta name=\"author\" content=\"segolene\" \/>\n<meta name=\"twitter:card\" content=\"summary_large_image\" \/>\n<meta name=\"twitter:label1\" content=\"\u00c9crit par\" \/>\n\t<meta name=\"twitter:data1\" content=\"segolene\" \/>\n\t<meta name=\"twitter:label2\" content=\"Dur\u00e9e de lecture estim\u00e9e\" \/>\n\t<meta name=\"twitter:data2\" content=\"7 minutes\" \/>\n<script type=\"application\/ld+json\" class=\"yoast-schema-graph\">{\"@context\":\"https:\\\/\\\/schema.org\",\"@graph\":[{\"@type\":\"Article\",\"@id\":\"https:\\\/\\\/ecoledelangues.be\\\/fr\\\/un-proverbe-francais-en-rebus\\\/#article\",\"isPartOf\":{\"@id\":\"https:\\\/\\\/ecoledelangues.be\\\/fr\\\/un-proverbe-francais-en-rebus\\\/\"},\"author\":{\"name\":\"segolene\",\"@id\":\"https:\\\/\\\/ecoledelangues.be\\\/fr\\\/#\\\/schema\\\/person\\\/7e6eddf631ad76d818e9868195123eb2\"},\"headline\":\"un proverbe fran\u00e7ais en r\u00e9bus\",\"datePublished\":\"2020-07-31T05:48:35+00:00\",\"dateModified\":\"2020-07-31T06:06:58+00:00\",\"mainEntityOfPage\":{\"@id\":\"https:\\\/\\\/ecoledelangues.be\\\/fr\\\/un-proverbe-francais-en-rebus\\\/\"},\"wordCount\":1443,\"commentCount\":0,\"publisher\":{\"@id\":\"https:\\\/\\\/ecoledelangues.be\\\/fr\\\/#organization\"},\"image\":{\"@id\":\"https:\\\/\\\/ecoledelangues.be\\\/fr\\\/un-proverbe-francais-en-rebus\\\/#primaryimage\"},\"thumbnailUrl\":\"https:\\\/\\\/ecoledelangues.be\\\/wp-content\\\/uploads\\\/2020\\\/07\\\/Rebus-1-e1596175300784.jpg\",\"articleSection\":[\"Apprentissage des langues\"],\"inLanguage\":\"fr-FR\",\"potentialAction\":[{\"@type\":\"CommentAction\",\"name\":\"Comment\",\"target\":[\"https:\\\/\\\/ecoledelangues.be\\\/fr\\\/un-proverbe-francais-en-rebus\\\/#respond\"]}]},{\"@type\":\"WebPage\",\"@id\":\"https:\\\/\\\/ecoledelangues.be\\\/fr\\\/un-proverbe-francais-en-rebus\\\/\",\"url\":\"https:\\\/\\\/ecoledelangues.be\\\/fr\\\/un-proverbe-francais-en-rebus\\\/\",\"name\":\"un proverbe fran\u00e7ais en r\u00e9bus - EcoleDeLangues.be\",\"isPartOf\":{\"@id\":\"https:\\\/\\\/ecoledelangues.be\\\/fr\\\/#website\"},\"primaryImageOfPage\":{\"@id\":\"https:\\\/\\\/ecoledelangues.be\\\/fr\\\/un-proverbe-francais-en-rebus\\\/#primaryimage\"},\"image\":{\"@id\":\"https:\\\/\\\/ecoledelangues.be\\\/fr\\\/un-proverbe-francais-en-rebus\\\/#primaryimage\"},\"thumbnailUrl\":\"https:\\\/\\\/ecoledelangues.be\\\/wp-content\\\/uploads\\\/2020\\\/07\\\/Rebus-1-e1596175300784.jpg\",\"datePublished\":\"2020-07-31T05:48:35+00:00\",\"dateModified\":\"2020-07-31T06:06:58+00:00\",\"breadcrumb\":{\"@id\":\"https:\\\/\\\/ecoledelangues.be\\\/fr\\\/un-proverbe-francais-en-rebus\\\/#breadcrumb\"},\"inLanguage\":\"fr-FR\",\"potentialAction\":[{\"@type\":\"ReadAction\",\"target\":[\"https:\\\/\\\/ecoledelangues.be\\\/fr\\\/un-proverbe-francais-en-rebus\\\/\"]}]},{\"@type\":\"ImageObject\",\"inLanguage\":\"fr-FR\",\"@id\":\"https:\\\/\\\/ecoledelangues.be\\\/fr\\\/un-proverbe-francais-en-rebus\\\/#primaryimage\",\"url\":\"https:\\\/\\\/ecoledelangues.be\\\/wp-content\\\/uploads\\\/2020\\\/07\\\/Rebus-1-e1596175300784.jpg\",\"contentUrl\":\"https:\\\/\\\/ecoledelangues.be\\\/wp-content\\\/uploads\\\/2020\\\/07\\\/Rebus-1-e1596175300784.jpg\",\"width\":756,\"height\":512},{\"@type\":\"BreadcrumbList\",\"@id\":\"https:\\\/\\\/ecoledelangues.be\\\/fr\\\/un-proverbe-francais-en-rebus\\\/#breadcrumb\",\"itemListElement\":[{\"@type\":\"ListItem\",\"position\":1,\"name\":\"Home\",\"item\":\"https:\\\/\\\/ecoledelangues.be\\\/fr\\\/\"},{\"@type\":\"ListItem\",\"position\":2,\"name\":\"un proverbe fran\u00e7ais en r\u00e9bus\"}]},{\"@type\":\"WebSite\",\"@id\":\"https:\\\/\\\/ecoledelangues.be\\\/fr\\\/#website\",\"url\":\"https:\\\/\\\/ecoledelangues.be\\\/fr\\\/\",\"name\":\"EcoleDeLangues.be\",\"description\":\"Ecole de langues - cours pour enfants ados et adultes - fran\u00e7ais anglais n\u00e9erlandais\",\"publisher\":{\"@id\":\"https:\\\/\\\/ecoledelangues.be\\\/fr\\\/#organization\"},\"potentialAction\":[{\"@type\":\"SearchAction\",\"target\":{\"@type\":\"EntryPoint\",\"urlTemplate\":\"https:\\\/\\\/ecoledelangues.be\\\/fr\\\/?s={search_term_string}\"},\"query-input\":{\"@type\":\"PropertyValueSpecification\",\"valueRequired\":true,\"valueName\":\"search_term_string\"}}],\"inLanguage\":\"fr-FR\"},{\"@type\":\"Organization\",\"@id\":\"https:\\\/\\\/ecoledelangues.be\\\/fr\\\/#organization\",\"name\":\"Ecoledelangues.be\",\"alternateName\":\"Propulse ASBL\",\"url\":\"https:\\\/\\\/ecoledelangues.be\\\/fr\\\/\",\"logo\":{\"@type\":\"ImageObject\",\"inLanguage\":\"fr-FR\",\"@id\":\"https:\\\/\\\/ecoledelangues.be\\\/fr\\\/#\\\/schema\\\/logo\\\/image\\\/\",\"url\":\"https:\\\/\\\/ecoledelangues.be\\\/wp-content\\\/uploads\\\/2025\\\/04\\\/une-monggolfiere-qui-seleve-dans-le-ciel-qui-quitte-le-sol-couleur-du-ballon-_-orange-ff6e22-et-3cccd6-et-blanc-1.jpg\",\"contentUrl\":\"https:\\\/\\\/ecoledelangues.be\\\/wp-content\\\/uploads\\\/2025\\\/04\\\/une-monggolfiere-qui-seleve-dans-le-ciel-qui-quitte-le-sol-couleur-du-ballon-_-orange-ff6e22-et-3cccd6-et-blanc-1.jpg\",\"width\":1472,\"height\":832,\"caption\":\"Ecoledelangues.be\"},\"image\":{\"@id\":\"https:\\\/\\\/ecoledelangues.be\\\/fr\\\/#\\\/schema\\\/logo\\\/image\\\/\"},\"sameAs\":[\"https:\\\/\\\/www.facebook.com\\\/Ecoledelanguesbe\\\/\",\"https:\\\/\\\/www.instagram.com\\\/ecoledelanguesbe\\\/\",\"https:\\\/\\\/www.linkedin.com\\\/company\\\/ecoledelangues-be\\\/\",\"https:\\\/\\\/www.youtube.com\\\/channel\\\/UCCDb1VptuozMO6q9MqgltPg\"]},{\"@type\":\"Person\",\"@id\":\"https:\\\/\\\/ecoledelangues.be\\\/fr\\\/#\\\/schema\\\/person\\\/7e6eddf631ad76d818e9868195123eb2\",\"name\":\"segolene\",\"image\":{\"@type\":\"ImageObject\",\"inLanguage\":\"fr-FR\",\"@id\":\"https:\\\/\\\/secure.gravatar.com\\\/avatar\\\/8bc405f3264e41e52e143f906cd0edd83b6e0a307e9a72d66cc81d2aec577018?s=96&d=mm&r=g\",\"url\":\"https:\\\/\\\/secure.gravatar.com\\\/avatar\\\/8bc405f3264e41e52e143f906cd0edd83b6e0a307e9a72d66cc81d2aec577018?s=96&d=mm&r=g\",\"contentUrl\":\"https:\\\/\\\/secure.gravatar.com\\\/avatar\\\/8bc405f3264e41e52e143f906cd0edd83b6e0a307e9a72d66cc81d2aec577018?s=96&d=mm&r=g\",\"caption\":\"segolene\"},\"url\":\"https:\\\/\\\/ecoledelangues.be\\\/fr\\\/author\\\/segolene\\\/\"}]}<\/script>\n<!-- \/ Yoast SEO plugin. -->","yoast_head_json":{"title":"un proverbe fran\u00e7ais en r\u00e9bus - EcoleDeLangues.be","robots":{"index":"index","follow":"follow","max-snippet":"max-snippet:-1","max-image-preview":"max-image-preview:large","max-video-preview":"max-video-preview:-1"},"canonical":"https:\/\/ecoledelangues.be\/fr\/un-proverbe-francais-en-rebus\/","og_locale":"fr_FR","og_type":"article","og_title":"un proverbe fran\u00e7ais en r\u00e9bus - EcoleDeLangues.be","og_url":"https:\/\/ecoledelangues.be\/fr\/un-proverbe-francais-en-rebus\/","og_site_name":"EcoleDeLangues.be","article_publisher":"https:\/\/www.facebook.com\/Ecoledelanguesbe\/","article_published_time":"2020-07-31T05:48:35+00:00","article_modified_time":"2020-07-31T06:06:58+00:00","og_image":[{"width":756,"height":512,"url":"https:\/\/ecoledelangues.be\/wp-content\/uploads\/2020\/07\/Rebus-1-e1596175300784.jpg","type":"image\/jpeg"}],"author":"segolene","twitter_card":"summary_large_image","twitter_misc":{"\u00c9crit par":"segolene","Dur\u00e9e de lecture estim\u00e9e":"7 minutes"},"schema":{"@context":"https:\/\/schema.org","@graph":[{"@type":"Article","@id":"https:\/\/ecoledelangues.be\/fr\/un-proverbe-francais-en-rebus\/#article","isPartOf":{"@id":"https:\/\/ecoledelangues.be\/fr\/un-proverbe-francais-en-rebus\/"},"author":{"name":"segolene","@id":"https:\/\/ecoledelangues.be\/fr\/#\/schema\/person\/7e6eddf631ad76d818e9868195123eb2"},"headline":"un proverbe fran\u00e7ais en r\u00e9bus","datePublished":"2020-07-31T05:48:35+00:00","dateModified":"2020-07-31T06:06:58+00:00","mainEntityOfPage":{"@id":"https:\/\/ecoledelangues.be\/fr\/un-proverbe-francais-en-rebus\/"},"wordCount":1443,"commentCount":0,"publisher":{"@id":"https:\/\/ecoledelangues.be\/fr\/#organization"},"image":{"@id":"https:\/\/ecoledelangues.be\/fr\/un-proverbe-francais-en-rebus\/#primaryimage"},"thumbnailUrl":"https:\/\/ecoledelangues.be\/wp-content\/uploads\/2020\/07\/Rebus-1-e1596175300784.jpg","articleSection":["Apprentissage des langues"],"inLanguage":"fr-FR","potentialAction":[{"@type":"CommentAction","name":"Comment","target":["https:\/\/ecoledelangues.be\/fr\/un-proverbe-francais-en-rebus\/#respond"]}]},{"@type":"WebPage","@id":"https:\/\/ecoledelangues.be\/fr\/un-proverbe-francais-en-rebus\/","url":"https:\/\/ecoledelangues.be\/fr\/un-proverbe-francais-en-rebus\/","name":"un proverbe fran\u00e7ais en r\u00e9bus - EcoleDeLangues.be","isPartOf":{"@id":"https:\/\/ecoledelangues.be\/fr\/#website"},"primaryImageOfPage":{"@id":"https:\/\/ecoledelangues.be\/fr\/un-proverbe-francais-en-rebus\/#primaryimage"},"image":{"@id":"https:\/\/ecoledelangues.be\/fr\/un-proverbe-francais-en-rebus\/#primaryimage"},"thumbnailUrl":"https:\/\/ecoledelangues.be\/wp-content\/uploads\/2020\/07\/Rebus-1-e1596175300784.jpg","datePublished":"2020-07-31T05:48:35+00:00","dateModified":"2020-07-31T06:06:58+00:00","breadcrumb":{"@id":"https:\/\/ecoledelangues.be\/fr\/un-proverbe-francais-en-rebus\/#breadcrumb"},"inLanguage":"fr-FR","potentialAction":[{"@type":"ReadAction","target":["https:\/\/ecoledelangues.be\/fr\/un-proverbe-francais-en-rebus\/"]}]},{"@type":"ImageObject","inLanguage":"fr-FR","@id":"https:\/\/ecoledelangues.be\/fr\/un-proverbe-francais-en-rebus\/#primaryimage","url":"https:\/\/ecoledelangues.be\/wp-content\/uploads\/2020\/07\/Rebus-1-e1596175300784.jpg","contentUrl":"https:\/\/ecoledelangues.be\/wp-content\/uploads\/2020\/07\/Rebus-1-e1596175300784.jpg","width":756,"height":512},{"@type":"BreadcrumbList","@id":"https:\/\/ecoledelangues.be\/fr\/un-proverbe-francais-en-rebus\/#breadcrumb","itemListElement":[{"@type":"ListItem","position":1,"name":"Home","item":"https:\/\/ecoledelangues.be\/fr\/"},{"@type":"ListItem","position":2,"name":"un proverbe fran\u00e7ais en r\u00e9bus"}]},{"@type":"WebSite","@id":"https:\/\/ecoledelangues.be\/fr\/#website","url":"https:\/\/ecoledelangues.be\/fr\/","name":"EcoleDeLangues.be","description":"Ecole de langues - cours pour enfants ados et adultes - fran\u00e7ais anglais n\u00e9erlandais","publisher":{"@id":"https:\/\/ecoledelangues.be\/fr\/#organization"},"potentialAction":[{"@type":"SearchAction","target":{"@type":"EntryPoint","urlTemplate":"https:\/\/ecoledelangues.be\/fr\/?s={search_term_string}"},"query-input":{"@type":"PropertyValueSpecification","valueRequired":true,"valueName":"search_term_string"}}],"inLanguage":"fr-FR"},{"@type":"Organization","@id":"https:\/\/ecoledelangues.be\/fr\/#organization","name":"Ecoledelangues.be","alternateName":"Propulse ASBL","url":"https:\/\/ecoledelangues.be\/fr\/","logo":{"@type":"ImageObject","inLanguage":"fr-FR","@id":"https:\/\/ecoledelangues.be\/fr\/#\/schema\/logo\/image\/","url":"https:\/\/ecoledelangues.be\/wp-content\/uploads\/2025\/04\/une-monggolfiere-qui-seleve-dans-le-ciel-qui-quitte-le-sol-couleur-du-ballon-_-orange-ff6e22-et-3cccd6-et-blanc-1.jpg","contentUrl":"https:\/\/ecoledelangues.be\/wp-content\/uploads\/2025\/04\/une-monggolfiere-qui-seleve-dans-le-ciel-qui-quitte-le-sol-couleur-du-ballon-_-orange-ff6e22-et-3cccd6-et-blanc-1.jpg","width":1472,"height":832,"caption":"Ecoledelangues.be"},"image":{"@id":"https:\/\/ecoledelangues.be\/fr\/#\/schema\/logo\/image\/"},"sameAs":["https:\/\/www.facebook.com\/Ecoledelanguesbe\/","https:\/\/www.instagram.com\/ecoledelanguesbe\/","https:\/\/www.linkedin.com\/company\/ecoledelangues-be\/","https:\/\/www.youtube.com\/channel\/UCCDb1VptuozMO6q9MqgltPg"]},{"@type":"Person","@id":"https:\/\/ecoledelangues.be\/fr\/#\/schema\/person\/7e6eddf631ad76d818e9868195123eb2","name":"segolene","image":{"@type":"ImageObject","inLanguage":"fr-FR","@id":"https:\/\/secure.gravatar.com\/avatar\/8bc405f3264e41e52e143f906cd0edd83b6e0a307e9a72d66cc81d2aec577018?s=96&d=mm&r=g","url":"https:\/\/secure.gravatar.com\/avatar\/8bc405f3264e41e52e143f906cd0edd83b6e0a307e9a72d66cc81d2aec577018?s=96&d=mm&r=g","contentUrl":"https:\/\/secure.gravatar.com\/avatar\/8bc405f3264e41e52e143f906cd0edd83b6e0a307e9a72d66cc81d2aec577018?s=96&d=mm&r=g","caption":"segolene"},"url":"https:\/\/ecoledelangues.be\/fr\/author\/segolene\/"}]}},"_links":{"self":[{"href":"https:\/\/ecoledelangues.be\/fr\/wp-json\/wp\/v2\/posts\/33723","targetHints":{"allow":["GET"]}}],"collection":[{"href":"https:\/\/ecoledelangues.be\/fr\/wp-json\/wp\/v2\/posts"}],"about":[{"href":"https:\/\/ecoledelangues.be\/fr\/wp-json\/wp\/v2\/types\/post"}],"author":[{"embeddable":true,"href":"https:\/\/ecoledelangues.be\/fr\/wp-json\/wp\/v2\/users\/2"}],"replies":[{"embeddable":true,"href":"https:\/\/ecoledelangues.be\/fr\/wp-json\/wp\/v2\/comments?post=33723"}],"version-history":[{"count":6,"href":"https:\/\/ecoledelangues.be\/fr\/wp-json\/wp\/v2\/posts\/33723\/revisions"}],"predecessor-version":[{"id":33733,"href":"https:\/\/ecoledelangues.be\/fr\/wp-json\/wp\/v2\/posts\/33723\/revisions\/33733"}],"wp:featuredmedia":[{"embeddable":true,"href":"https:\/\/ecoledelangues.be\/fr\/wp-json\/wp\/v2\/media\/33724"}],"wp:attachment":[{"href":"https:\/\/ecoledelangues.be\/fr\/wp-json\/wp\/v2\/media?parent=33723"}],"wp:term":[{"taxonomy":"category","embeddable":true,"href":"https:\/\/ecoledelangues.be\/fr\/wp-json\/wp\/v2\/categories?post=33723"},{"taxonomy":"post_tag","embeddable":true,"href":"https:\/\/ecoledelangues.be\/fr\/wp-json\/wp\/v2\/tags?post=33723"}],"curies":[{"name":"wp","href":"https:\/\/api.w.org\/{rel}","templated":true}]}}